{"id":83149,"date":"2005-12-22T19:44:21","date_gmt":"2005-12-22T18:44:21","guid":{"rendered":"https:\/\/mediarun.com\/index.php\/news-posts\/swiateczny-radiowy-eter\/"},"modified":"2005-12-22T19:44:21","modified_gmt":"2005-12-22T18:44:21","slug":"swiateczny-radiowy-eter","status":"publish","type":"post","link":"https:\/\/mediarun.com\/pl\/media\/radio\/swiateczny-radiowy-eter.html","title":{"rendered":"\u015awi\u0105teczny radiowy eter"},"content":{"rendered":"<p><B>RMF FM:<\/B><\/p>\n<p>RMF FM przygotowa\u0142o radiow\u0105 wigili\u0119, kt\u00f3r\u0105 mi\u0119dzy godzin\u0105 12, a 17 poprowadzi Ma\u0142gorzata Ko\u015bcielniak. Wezm\u0105 w niej udzia\u0142 wszyscy prezenterzy rozg\u0142o\u015bni. Od 17 przez trzy godziny RMF FM emitowa\u0107 b\u0119dzie jedynie kol\u0119dy. O 20 stacja zaprezentuje koncert Roda Stewarta. <\/p>\n<p>W pierwszy dzie\u0144 \u015bwi\u0105t RMF FM nada wywiad z Celine Dion, a w drugi &#8211; z Carlosem Santan\u0105. 25 grudnia specjalne wydanie &#8222;Waszej muzyki&#8221; o godzinie 15 poprowadzi Robert Konatowicz. W poniedzia\u0142ek po godzinie 9 zagraniczni korespondenci RMF FM opowiedz\u0105 o \u015bwi\u0119tach w innych krajach.<\/p>\n<p><B>Radio Zet:<\/B><\/p>\n<p>W wigili\u0119 na antenie Radia Zet b\u0119dzie mo\u017cna us\u0142ysze\u0107 wy\u0142\u0105cznie kol\u0119dy, a od godziny 16 nie b\u0119d\u0105 nadawane informacje i bloki reklamowe. Rozg\u0142o\u015bnia przygotowa\u0142a na \u015bwi\u0119ta swoim s\u0142uchaczom program Beaty Pawlikowskiej &#8222;\u015awiat wed\u0142ug Blondynki&#8221; oraz dwa \u015bwi\u0105teczne wydania audycji Marzeny Che\u0142miniak &#8222;Powiedz tylko Marzenie&#8221;. &#8211; B\u0119d\u0105 to ciep\u0142e, \u015bwi\u0105teczne rozmowy z dwiema wyj\u0105tkowymi kobietami &#8211; Ann\u0105 Mari\u0105 Jopek i Monik\u0105 Richardson. Nie wyobra\u017cam sobie \u015bwi\u0105t bez anielskiego g\u0142osu Ani, a Monika pi\u0119knie por\u00f3wnuje swoje \u017cycie w Anglii z \u017cyciem w Polsce &#8211; zdradza nam Marzena Che\u0142miniak, kt\u00f3ra pojawi si\u0119 r\u00f3wnie\u017c ze swoimi \u015bwi\u0105tecznymi opowie\u015bciami w programie Pawlikowskiej.<\/p>\n<p><B>Jedynka:<\/B><\/p>\n<p>W wigili\u0119 na antenie Jedynki w programie &#8222;Muzyczna promenada Jedynki&#8221; (od 14 do 17) o \u015bwi\u0119tach i tradycji opowiedz\u0105 i \u017cyczenia z\u0142o\u017ca arty\u015bci. Po godzinie 17 czterogodzinna audycja &#8222;Z pierwsz\u0105 gwiazd\u0105 &#8211; wigilia z Jedynk\u0105&#8221; Zbigniewa Krajewskiego. O godzinie 20 transmisja Or\u0119dzie Bo\u017conarodzeniowe prymasa J\u00f3zefa Glempa. P\u00f3\u017aniej na antenie pojawi si\u0119 audycja &#8222;Polskie wigilie&#8221;.<\/p>\n<p>Stacja transmitowa\u0107 b\u0119dzie Pasterk\u0119 z Katedry Wawelskiej. W pierwszy dzie\u0144 \u015bwi\u0105t w programie Izy \u017bukowskiej &#8222;\u015awi\u0105teczna promenada&#8221; (od 14 do 18) emitowane b\u0119d\u0105 m.in. piosenki z albumu &#8222;\u015awi\u0119ta, \u015bwi\u0119ta&#8221;. W drugi dzie\u0144 \u015bwi\u0105t od godziny 6 do 9 Jedynka nada specjalne wydanie programu &#8222;Kiermasz pod kogutkiem&#8221;, w kt\u00f3rym Ma\u0142gorzata J\u0119drych opowie o \u015bwi\u0105tecznych opowie\u015bciach z r\u00f3\u017cnych stron Polski. Od 10 do 14 w audycji Andrzeja Matula &#8222;\u015awi\u0105teczny album Jedynki&#8221; pojawi\u0105 si\u0119 opowie\u015bci z udzia\u0142em m.in. Hanki Bielickiej. Maria Szab\u0142owska w &#8222;\u015awi\u0105teczne promenadzie Jedynki&#8221; (od 14 do 18) b\u0119dzie w gronie muzykuj\u0105cych &#8222;rodzin&#8221;. M.in. o tegorocznych nowo\u015bciach i moda \u015bwi\u0105tecznych opowiada\u0107 b\u0119dzie Agnieszka Drewno w audycji &#8222;Kulturalna Europa&#8221; (od 23 do 24).<\/p>\n<p><B>Tr\u00f3jka:<\/B><\/p>\n<p>W wigili\u0119 w Tr\u00f3jce Agnieszka Szyd\u0142owska mi\u0119dzy godzin\u0105 13, a 16 zaprasza na &#8222;Radiowy Dom Karpia&#8221;. P\u00f3\u017aniej na antenie pojawi si\u0119 audycja &#8222;Zapraszamy do sto\u0142u&#8221; Piotra Barona. O godzinie 20 rozpocznie si\u0119 tr\u00f3jkowa wigilia, kt\u00f3rej gospodarzem b\u0119dzie Barbara Marcinik.<\/p>\n<p>W pierwszy dzie\u0144 \u015bwi\u0105t b\u0119dzie mo\u017cna pos\u0142ucha\u0107 \u015bwi\u0105tecznych \u017cycze\u0144 sk\u0142adanych przez muzyk\u00f3w, aktor\u00f3w oraz sportowc\u00f3w. O godzinie 21 Piotr Kaczkowski poprowadzi \u015bwi\u0105teczne wydanie &#8222;Minimaxu&#8221;. W drugi dzie\u0144 \u015bwi\u0105t Kuba Strzyczkowski zaprasza mi\u0119dzy godzin\u0105 13, a 16 na \u015bwi\u0105teczne rozmowy ze s\u0142uchaczami.<\/p>\n<p><B>Radio Bis:<\/B><\/p>\n<p>W wigili\u0119 mi\u0119dzy godzin\u0105 11, a 13 w Bisce audycj\u0119 &#8222;Bardzo Inne \u015awi\u0119ta&#8221; poprowadz\u0105 Mariusz Filar i Alicja Mucha. Piotr Kardaszewski poprowadzi &#8222;Gwiazdkow\u0105 Bislist\u0119&#8221; (od 16 do 19). P\u00f3\u017aniej na antenie pojawi si\u0119 &#8222;Bisiada rodzinna&#8221;. Od 21 Ola Kaczkowska zaprasza na &#8222;Choinkowe muzykowanie&#8221;, a od 23 Tomek Kosiorek na &#8222;Opowie\u015bci wigilijne&#8221;.<\/p>\n<p>W pierwszy dzie\u0144 \u015bwi\u0105t mi\u0119dzy godzin\u0105 9, a 11 &#8222;Graj \u015bwi\u0105tecznie&#8221; poprowadzi Zofia Montowska. Od 12 do 14 na antenie Biski pojawi\u0105 si\u0119 &#8222;Gwiazdkowe gad\u017cety&#8221;. &#8222;Reggae Christmas&#8221; od 14 do 15 poprowadzi Tomasz Konca. Po 19 Bogus\u0142awa Marszalik i Tomasz Kosiorek przedstawi\u0105 dwugodzinne &#8222;Tajemnice \u015bwiat&#8221;.<\/p>\n<p>W drugi dzie\u0144 \u015bwi\u0105t Patryk Kuniszewicz od godziny 11 zaprasza na &#8222;\u015awi\u0105teczne RPG&#8221;. O 14 w &#8222;\u015awi\u0105tecznym Bis-beacie&#8221; pojawi si\u0119 Hubert Augustyniak. &#8222;Z\u0142apani w \u015bwi\u0119ta&#8221; od 19 do 21 poprowadz\u0105 Bogus\u0142awa Marszalik i Marek Staszyc. Natomiast Aleksandra Kaczkowska od 21 zaprasza na &#8222;\u015awi\u0119ta, \u015bwi\u0119ta i po \u015bwi\u0119tach&#8221;.<\/p>\n<p><B>Radio PiN:<\/B><\/p>\n<p>W wigili\u0119 przed po\u0142udniem o atmosferze \u015bwi\u0105tecznej, o \u015bwi\u0105tecznym stole i klimacie, a tak\u017ce o potrawach i nastroj\u00f3w w Radiu PiN b\u0119dzie opowiada\u0142a Magda Gessler. W pierwszy dzie\u0144 \u015bwi\u0105t po godzinie 9 Magda Juszczyk porozmawia z Ew\u0105 Bem &#8211; m.in. o pomys\u0142ach na siebie, o marzeniach, o rodzinnych relacjach i o sylwestrze. W drugi dzie\u0144 \u015bwi\u0105t, o tej samej porze, go\u015bciem Marcina Sobesto b\u0119dzie Chris Botti, s\u0142ynny tr\u0119bacz.<\/p>\n<p><B>Antyradio:<\/B><\/p>\n<p>W wigili\u0119 na antenie Antyradia mi\u0119dzy godzin\u0105 8, a 12 program poprowadzi Tomek Kin. Od po\u0142udnia, przez cztery godziny, &#8222;Gastrofaza&#8221; Paw\u0142a Lorocha. Janusz Kosi\u0144ski pojawia\u0107 si\u0119 b\u0119dzie na antenie stacji wieczorami w wigili\u0119, pierwszy i drugi dzie\u0144 \u015bwi\u0105t. W niedziel\u0119 Czub\u00f3wna, Z\u0142otowska, Liroy, Wo\u0142osza\u0144ski i Kaczy\u0144ski opowiedz\u0105 o swoich \u015bwi\u0119tach Tomaszowi Kinowi. Piotr Szar\u0142acki sw\u00f3j program poprowadzi 25 i 26 grudnia od po\u0142udnia. Na poranek w drugi dzie\u0144 \u015bwi\u0105t zaprosi s\u0142uchaczy Aleksander Ostrowski.<\/p>\n<p><B>RMF Classic:<\/B><\/p>\n<p>W \u015bwi\u0119ta RMF Classic dla s\u0142uchaczy przygotowa\u0142o wycieczk\u0119 po Lwowie \u015bladami wybitnych mieszka\u0144c\u00f3w tego miasta, m.in. Wojciecha Kilara, Stanis\u0142awa Lema, Adama Zagajewskiego, Andrzeja Kurylewicza, Izabelli Cywi\u0144skiej. Dziennikarze stacji we Lwowie, jak wyja\u015bnia nam dyrektor programowa RMF Classic Magdalena Wojewoda, sprawdzali, co zosta\u0142o ze wspomnie\u0144 &#8222;dawnych Lwowiak\u00f3w&#8221;. &#8211; I jak dzi\u015b wygl\u0105daj\u0105 miejsca dla nich wa\u017cne &#8211; dom rodzinny, szko\u0142a, pierwsze kino do kt\u00f3rego chodzi\u0142 Kilar, czy ulubiony sklep ze s\u0142odyczami Lema &#8211; dodaje.<\/p>\n<p><B>Radio Tok FM:<\/B><\/p>\n<p>Na \u015bwi\u0119ta Tok FM przygotowa\u0142o \u015bwi\u0105teczne pasma, kt\u00f3re poprowadz\u0105 Marcina Wojciechowski i Ewa Podolska. Na antenie pojawi\u0105 si\u0119 m.in. specjalne wydania programu &#8222;O Innych, czyli o Polakach te\u017c&#8221;, opowie\u015bci podr\u00f3\u017cnik\u00f3w o \u015bwi\u0119tach sp\u0119dzonych w najodleglejszych zak\u0105tkach \u015bwiata, rozmowy o obecno\u015bci zwierz\u0105t w symbolice \u015bwi\u0105teczne i o tym, jak \u015bwi\u0119ta sp\u0119dzaj\u0105 w\u0142a\u015bnie zwierz\u0119ta.<\/p>\n<p><B>Radio Jazz:<\/B><\/p>\n<p>Podczas tegorocznych \u015bwi\u0105t na antenie Jazz Radia pojawi\u0105 si\u0119 polskie kol\u0119dy w jazzowych aran\u017cacjach i \u017cyczenia od muzyk\u00f3w. W wigili\u0119 ju\u017c po 13 Ed Szynszyl, autor programu &#8222;Praia Latina&#8221;, zabierze s\u0142uchaczy w muzyczn\u0105 podr\u00f3\u017c po Ameryce Po\u0142udniowej i opowie jak obchodzi si\u0119 \u015bwi\u0119ta w tym rejonie \u015bwiata.<\/p>\n<p><B>Radio Alfa (Krak\u00f3w):<\/B><\/p>\n<p>Krakowskie Radio Alfa \u015bwi\u0105teczn\u0105 ram\u00f3wk\u0119 rozpocznie w pi\u0105tek o godzinie 20 emituj\u0105c &#8222;List\u0119 najpopularniejszych \u015bwi\u0105tecznych piosenek w Polsce&#8221;. \u015awi\u0105teczne porady pojawi\u0105 si\u0119 w wigili\u0119 od rana w programie \u0141ukasza Ekstowicza. Kuba Wajdzik poprowadzi &#8222;Wigili\u0119 z Radiem Alfa&#8221; od godziny 19. Dwie godziny p\u00f3\u017aniej stacja b\u0119dzie retransmitowa\u0107 koncert kol\u0119d z krakowskiego rynku.<\/p>\n<p>W pierwszy i drugi dzie\u0144 \u015bwi\u0105t na antenie pojawi\u0105 si\u0119 specjalne wydania programu &#8222;Czy mnie jeszcze pami\u0119tasz&#8221; (od 8 do 10). Mi\u0119dzy godzin\u0105 18, a 20 w Radiu Alfa zagoszcz\u0105 &#8222;Najpi\u0119kniejsze piosenki \u015bwiata&#8221;. Po raz trzeci pojawi si\u0119 &#8222;Noc z klasykami&#8221;.<\/p>\n<p><B>Radio Kolor:<\/B><\/p>\n<p>Radio Kolor w wigili\u0119 mi\u0119dzy godzin\u0105 18, a 20 proponuje polskie kol\u0119dy po\u0142\u0105czone z \u017cyczeniami od pracownik\u00f3w rozg\u0142o\u015bni. &#8211; Szanuj\u0105c rodzinno\u015b\u0107 \u015bwi\u0105t Bo\u017cego Narodzenia chcemy dyskretnie wsp\u00f3\u0142uczestniczy\u0107 w ich \u015bwi\u0119towania i przekazywa\u0107 na swojej antenie serdeczno\u015bci od zaprzyja\u017anionych z nami artyst\u00f3w &#8211; t\u0142umaczy \u0141ukasz Zieleniewski z Radia Kolor. W pierwszy dzie\u0144 \u015bwi\u0105t od godziny 12 do 14 go\u015bciem rozg\u0142o\u015bni b\u0119dzie Jan Piotr Ursyn.<\/p>\n","protected":false},"excerpt":{"rendered":"\u015awi\u0105teczna atmosfera opanowa\u0142a eter. Wi\u0119kszo\u015b\u0107 stacji radiowych przygotowa\u0142a specjalne programy dla swoich s\u0142uchaczy. Na antenach rozg\u0142o\u015bni pojawi\u0105 si\u0119 m.in. kol\u0119dy czy rozmowy ze znanymi lud\u017ami o \u015bwi\u0119tach. Niekt\u00f3re stacje przygotowa\u0142y r\u00f3wnie\u017c radiowe wigilie.","protected":false},"author":1,"featured_media":0,"comment_status":"open","ping_status":"closed","sticky":false,"template":"","format":"standard","meta":{"csco_display_header_overlay":false,"csco_singular_sidebar":"","csco_page_header_type":"","csco_page_load_nextpost":"","csco_post_video_location":[],"csco_post_video_location_hash":"","csco_post_video_url":"","csco_post_video_bg_start_time":0,"csco_post_video_bg_end_time":0,"footnotes":""},"categories":[9672],"tags":[],"class_list":{"0":"post-83149","1":"post","2":"type-post","3":"status-publish","4":"format-standard","6":"category-radio","7":"cs-entry","8":"cs-video-wrap"},"_links":{"self":[{"href":"https:\/\/mediarun.com\/pl\/wp-json\/wp\/v2\/posts\/83149","targetHints":{"allow":["GET"]}}],"collection":[{"href":"https:\/\/mediarun.com\/pl\/wp-json\/wp\/v2\/posts"}],"about":[{"href":"https:\/\/mediarun.com\/pl\/wp-json\/wp\/v2\/types\/post"}],"author":[{"embeddable":true,"href":"https:\/\/mediarun.com\/pl\/wp-json\/wp\/v2\/users\/1"}],"replies":[{"embeddable":true,"href":"https:\/\/mediarun.com\/pl\/wp-json\/wp\/v2\/comments?post=83149"}],"version-history":[{"count":0,"href":"https:\/\/mediarun.com\/pl\/wp-json\/wp\/v2\/posts\/83149\/revisions"}],"wp:attachment":[{"href":"https:\/\/mediarun.com\/pl\/wp-json\/wp\/v2\/media?parent=83149"}],"wp:term":[{"taxonomy":"category","embeddable":true,"href":"https:\/\/mediarun.com\/pl\/wp-json\/wp\/v2\/categories?post=83149"},{"taxonomy":"post_tag","embeddable":true,"href":"https:\/\/mediarun.com\/pl\/wp-json\/wp\/v2\/tags?post=83149"}],"curies":[{"name":"wp","href":"https:\/\/api.w.org\/{rel}","templated":true}]}}