{"id":83119,"date":"2005-12-23T06:00:00","date_gmt":"2005-12-23T05:00:00","guid":{"rendered":"https:\/\/mediarun.com\/index.php\/news-posts\/eskadra-trzy-razy-dla-ams\/"},"modified":"2005-12-23T06:00:00","modified_gmt":"2005-12-23T05:00:00","slug":"eskadra-trzy-razy-dla-ams","status":"publish","type":"post","link":"https:\/\/mediarun.com\/pl\/marketing\/atl\/eskadra-trzy-razy-dla-ams.html","title":{"rendered":"Eskadra: Trzy razy dla AMS"},"content":{"rendered":"<p><P>konkursowy Galerii Plakatu AMS i jubileusz 15 urodzin firmy.<\/P><br \/>\n<P>Konferencja pod has\u0142em &#8222;Bramy Kraju&#8221;, zorganizowana przez AMS wsp\u00f3lnie z Eskadr\u0105, by\u0142a spotkaniem os\u00f3b zajmuj\u0105cych si\u0119 promocj\u0105 miast i region\u00f3w w ca\u0142ej Polsce. Podczas spotkania uczestnicy dzielili si\u0119 do\u015bwiadczeniem w tworzeniu strategii marketingowych i pozyskiwaniem funduszy na promocj\u0119. W programie prezentacji znalaz\u0142y si\u0119 najciekawsze i najbardziej spektakularne projekty realizowane m.in. w Krakowie, Warszawie, Gdyni, a tak\u017ce mniejszych miejscowo\u015bciach takich jak Lubliniec czy Czaplinek.<\/P><br \/>\n<P>Zwie\u0144czeniem konferencji by\u0142o og\u0142oszenie konkursu na najbardziej efektywn\u0105 i efektown\u0105 tablice powitaln\u0105 miasta lub gminy, kt\u00f3rego pomys\u0142odawcami s\u0105 Mateusz Zmy\u015blony &#8211; Dyrektor Kreatywny Eskadry i Piotr Parnowski &#8211; Prezes AMS. Nagrod\u0105 w konkursie dla zwyci\u0119skiej gminy lub miasta jest consulting marketingowy firmy Eskadra oraz no\u015bniki reklamowe udost\u0119pnione przez AMS, a tak\u017ce dofinansowanie przez AMS realizacji nagrodzonej konstrukcji powitalnej. <\/P><br \/>\n<P>4 edycj\u0119 konkursu na plakat, pod has\u0142em &#8222;Wszyscy jedziemy na jednym w\u00f3zku&#8221; rozstrzygni\u0119to w Fabryce Trzciny. Zaproszeni go\u015bcie mieli okazj\u0119 pozna\u0107 laureat\u00f3w, wyr\u00f3\u017cnionych i ich prace.<\/P><br \/>\n<P>Punktem kulminacyjnym wieczoru by\u0142o ch\u00f3ralnie od\u015bpiewane &#8222;Sto Lat&#8221; na cze\u015b\u0107 AMS, obecnego na rynku ju\u017c 15 lat. Zarz\u0105d firmy z dum\u0105 dokona\u0142 pierwszych ci\u0119\u0107 w urodzinowym torcie, kt\u00f3rym pocz\u0119stowani zostali zaproszeni go\u015bcie. W dalszej cz\u0119\u015bci go\u015bcie bawili si\u0119 przy koncercie grupy Touch And Go.<\/P><\/p>\n","protected":false},"excerpt":{"rendered":"15 grudnia Eskadra zorganizowa\u0142a trzy r\u00f3wnoleg\u0142e imprezy dla firmy AMS &#8211; Konferencj\u0119 &quot;Bramy Kraju&quot;, wernisa\u017c&#8230;","protected":false},"author":1,"featured_media":83120,"comment_status":"open","ping_status":"closed","sticky":false,"template":"","format":"standard","meta":{"csco_display_header_overlay":false,"csco_singular_sidebar":"","csco_page_header_type":"","csco_page_load_nextpost":"","csco_post_video_location":[],"csco_post_video_location_hash":"","csco_post_video_url":"","csco_post_video_bg_start_time":0,"csco_post_video_bg_end_time":0,"footnotes":""},"categories":[9642],"tags":[],"class_list":{"0":"post-83119","1":"post","2":"type-post","3":"status-publish","4":"format-standard","5":"has-post-thumbnail","7":"category-atl","8":"cs-entry","9":"cs-video-wrap"},"_links":{"self":[{"href":"https:\/\/mediarun.com\/pl\/wp-json\/wp\/v2\/posts\/83119","targetHints":{"allow":["GET"]}}],"collection":[{"href":"https:\/\/mediarun.com\/pl\/wp-json\/wp\/v2\/posts"}],"about":[{"href":"https:\/\/mediarun.com\/pl\/wp-json\/wp\/v2\/types\/post"}],"author":[{"embeddable":true,"href":"https:\/\/mediarun.com\/pl\/wp-json\/wp\/v2\/users\/1"}],"replies":[{"embeddable":true,"href":"https:\/\/mediarun.com\/pl\/wp-json\/wp\/v2\/comments?post=83119"}],"version-history":[{"count":0,"href":"https:\/\/mediarun.com\/pl\/wp-json\/wp\/v2\/posts\/83119\/revisions"}],"wp:featuredmedia":[{"embeddable":true,"href":"https:\/\/mediarun.com\/pl\/wp-json\/wp\/v2\/media\/83120"}],"wp:attachment":[{"href":"https:\/\/mediarun.com\/pl\/wp-json\/wp\/v2\/media?parent=83119"}],"wp:term":[{"taxonomy":"category","embeddable":true,"href":"https:\/\/mediarun.com\/pl\/wp-json\/wp\/v2\/categories?post=83119"},{"taxonomy":"post_tag","embeddable":true,"href":"https:\/\/mediarun.com\/pl\/wp-json\/wp\/v2\/tags?post=83119"}],"curies":[{"name":"wp","href":"https:\/\/api.w.org\/{rel}","templated":true}]}}