{"id":83114,"date":"2005-12-23T12:54:56","date_gmt":"2005-12-23T11:54:56","guid":{"rendered":"https:\/\/mediarun.com\/index.php\/news-posts\/sylwester-w-wff\/"},"modified":"2005-12-23T12:54:56","modified_gmt":"2005-12-23T11:54:56","slug":"sylwester-w-wff","status":"publish","type":"post","link":"https:\/\/mediarun.com\/pl\/trendy\/branding\/sylwester-w-wff.html","title":{"rendered":"Sylwester w WFF"},"content":{"rendered":"<p>&#8211; Grono ludzi filmu, kultury, kt\u00f3re nie mog\u0142o wzi\u0105\u0107 udzia\u0142u w tegorocznym  Balu,    przekaza\u0142o wiele niepowtarzalnych  przedmiot\u00f3w, kt\u00f3re mo\u017cna b\u0119dzie naby\u0107 w drodze licytacji. S\u0105 to mi\u0119dzy innymi: fajka Roberta Gonery, pami\u0105tka po Wojciechu Jerzym  Hasie, statuetka  Young Film Festival,  p\u0142yty z autografami od Kayah, Maryli Rodowicz, braci Golc\u00f3w, Konstytucja Stan\u00f3w Zjednoczonych z autografem Piotra Fronczewskiego z 93 r., oraz wiele innych. Ca\u0142y doch\u00f3d z licytacji zostanie przeznaczony na wspieranie m\u0142odych talent\u00f3w filmowych. Dla go\u015bci przewidziano wiele atrakcji, konkurs\u00f3w, mi\u0119dzy innymi  za najlepszy str\u00f3j filmowy. Muzyke live zapewni zesp\u00f3\u0142 JOY- najwi\u0119ksze przeboje muzyki tanecznej, filmowej i musicalowej. Dope\u0142nieniem jest wspania\u0142a kuchnia, smaczne dania i du\u017co szampana &#8211; czytamy w komunikacie.<\/p>\n<p>Zaproszenie mo\u017cna naby\u0107 za 210 z\u0142 w WFF we Wroc\u0142awiu, w Empiku a tak\u017ce w kasie Dworca PKP nr 22. Dla grup zorganizowanych organizatorzy przewidzieli rabaty.<\/p>\n","protected":false},"excerpt":{"rendered":"Atrakcje czekaj\u0105 wszystkich uczestnik\u00f3w Balu Sylwestrowego, kt\u00f3ry odb\u0119dzie si\u0119 we Wroc\u0142awskiej Wytw\u00f3rni Film\u00f3w Fabularnych. Impreza odb\u0119dzie si\u0119 w konwencji filmowej. W\u015br\u00f3d Go\u015bci b\u0119dzie mo\u017cna spotka\u0107 m.in. Andrzeja Ga\u0142\u0142\u0119, Macieja Sosnowskiego &#8211; Johny 11 Palc\u00f3w, Dominika Matwiejczyka czy Andrzeja S\u0142odkowskiego &#8211; Dyrektora WFF.","protected":false},"author":1,"featured_media":0,"comment_status":"open","ping_status":"closed","sticky":false,"template":"","format":"standard","meta":{"csco_display_header_overlay":false,"csco_singular_sidebar":"","csco_page_header_type":"","csco_page_load_nextpost":"","csco_post_video_location":[],"csco_post_video_location_hash":"","csco_post_video_url":"","csco_post_video_bg_start_time":0,"csco_post_video_bg_end_time":0,"footnotes":""},"categories":[9658],"tags":[],"class_list":{"0":"post-83114","1":"post","2":"type-post","3":"status-publish","4":"format-standard","6":"category-branding","7":"cs-entry","8":"cs-video-wrap"},"_links":{"self":[{"href":"https:\/\/mediarun.com\/pl\/wp-json\/wp\/v2\/posts\/83114","targetHints":{"allow":["GET"]}}],"collection":[{"href":"https:\/\/mediarun.com\/pl\/wp-json\/wp\/v2\/posts"}],"about":[{"href":"https:\/\/mediarun.com\/pl\/wp-json\/wp\/v2\/types\/post"}],"author":[{"embeddable":true,"href":"https:\/\/mediarun.com\/pl\/wp-json\/wp\/v2\/users\/1"}],"replies":[{"embeddable":true,"href":"https:\/\/mediarun.com\/pl\/wp-json\/wp\/v2\/comments?post=83114"}],"version-history":[{"count":0,"href":"https:\/\/mediarun.com\/pl\/wp-json\/wp\/v2\/posts\/83114\/revisions"}],"wp:attachment":[{"href":"https:\/\/mediarun.com\/pl\/wp-json\/wp\/v2\/media?parent=83114"}],"wp:term":[{"taxonomy":"category","embeddable":true,"href":"https:\/\/mediarun.com\/pl\/wp-json\/wp\/v2\/categories?post=83114"},{"taxonomy":"post_tag","embeddable":true,"href":"https:\/\/mediarun.com\/pl\/wp-json\/wp\/v2\/tags?post=83114"}],"curies":[{"name":"wp","href":"https:\/\/api.w.org\/{rel}","templated":true}]}}