{"id":83108,"date":"2005-12-26T23:03:43","date_gmt":"2005-12-26T22:03:43","guid":{"rendered":"https:\/\/mediarun.com\/index.php\/news-posts\/gorsza-sprzedaz-tygodnikow\/"},"modified":"2005-12-26T23:03:43","modified_gmt":"2005-12-26T22:03:43","slug":"gorsza-sprzedaz-tygodnikow","status":"publish","type":"post","link":"https:\/\/mediarun.com\/pl\/media\/prasa\/gorsza-sprzedaz-tygodnikow.html","title":{"rendered":"Gorsza sprzeda\u017c tygodnik\u00f3w"},"content":{"rendered":"<p>&#8211; Jeszcze kilka lat temu, jad\u0105c do Krakowa, zagl\u0105da\u0142em do przedzia\u0142\u00f3w i podpatrywa\u0142em, co czytaj\u0105 pasa\u017cerowie poci\u0105gu. My, &#8222;Polityka&#8221;, &#8222;Wprost&#8221; &#8211; liczy\u0142em tytu\u0142y. Teraz wi\u0119kszo\u015b\u0107 siedzi nad papierami albo stuka w klawisze laptopa. Coraz mniej os\u00f3b czyta &#8211; opowiada &#8222;Gazecie Wyborczej&#8221; Tomasz Wr\u00f3blewski, naczelny &#8222;Newsweek Polska&#8221; oraz dyrektor wydawniczy w Axel Springer Polska.<\/p>\n<p>&#8211; Tego trendu nie s\u0105 w stanie odwr\u00f3ci\u0107 nowe dodatki, reklama, publicy\u015bci coraz cz\u0119\u015bciej pojawiaj\u0105cy si\u0119 w mediach elektronicznych ani internetowe eksperymenty. Krzywe sprzeda\u017cy tygodnik\u00f3w zdecydowanie drgn\u0119\u0142y jedynie w kwietniu, gdy Polacy op\u0142akiwali Papie\u017ca &#8211; pisze dziennik.<\/p>\n<p>Wynik\u00f3w najwi\u0119kszych tygodnik\u00f3w opinii nie poprawi\u0142a nawet gor\u0105ca kampania wyborcza we wrze\u015bniu. Cho\u0107 Polak\u00f3w czeka\u0142 prawdziwy maraton parlamentarno-prezydencki, to wed\u0142ug danych ZKDP we wrze\u015bniu sprzeda\u017c &#8222;Newsweek Polska&#8221; spad\u0142a o ponad 20 proc. w por\u00f3wnaniu z wrze\u015bniem 2004 r., &#8222;Polityki&#8221; &#8211; o 11,4 proc., a &#8222;Wprost&#8221; &#8211; o 1,6 proc. Jak powiedzia\u0142 &#8222;Gazecie Wyborczej&#8221; naczelny &#8222;Polityki&#8221; Jerzy Baczy\u0144ski, pa\u017adziernik przyni\u00f3s\u0142 kolejne spadki prawie w ca\u0142ym segmencie. &#8211; Zm\u0119czenie kampani\u0105 wyborcz\u0105 zem\u015bci\u0142o si\u0119 na tygodnikach i to bardzo przykre do\u015bwiadczenie. Ile\u017c razy postacie polityczne pojawia\u0142y si\u0119 na ok\u0142adkach pism? U mniej obytych z pras\u0105 czytelnik\u00f3w mog\u0142o to wywo\u0142a\u0107 wra\u017cenie, \u017ce media w k\u00f3\u0142ko pisz\u0105 o tym samym &#8211; m\u00f3wi naczelny &#8222;Polityki&#8221;. <\/p>\n<p>Zdaniem Tomasza Wr\u00f3blewskiego kampania wyborcza jedynie z\u0142agodzi\u0142a spadek sprzeda\u017cy. Ale listy i telefony czytelnik\u00f3w wskazywa\u0142y na to, \u017ce wybory budz\u0105 spore zainteresowanie. Tylko dlaczego zainteresowanych polityk\u0105 i czytaj\u0105cych pras\u0119 os\u00f3b jest coraz mniej?<\/p>\n<p>Wydawcy, z kt\u00f3rymi rozmawia\u0142a gazeta, t\u0142umacz\u0105 to g\u0142\u00f3wnie rosn\u0105c\u0105 konkurencj\u0105 w\u015br\u00f3d samych tygodnik\u00f3w oraz agresywn\u0105 strategi\u0105 dziennik\u00f3w, kt\u00f3re musz\u0105 coraz aktywniej walczy\u0107 o rynek. Debiut &#8222;Faktu&#8221; wydawanego od pa\u017adziernika 2003 r. przez Axel Springer Polska zak\u0142\u00f3ci\u0142 spok\u00f3j wydawc\u00f3w gazet codziennych i od tamtej pory staj\u0105 oni na g\u0142owie, broni\u0105c swojej pozycji rynkowej. W efekcie czytelnik dostaje kolejne serie ksi\u0105\u017cek, dodatk\u00f3w, loterie oraz konkursy. Na dodatek dzienniki coraz cz\u0119\u015bciej kusz\u0105 czytelnik\u00f3w materia\u0142ami, kt\u00f3rych nie powstydzi\u0142by si\u0119 \u017caden magazyn, czyli portretami znanych os\u00f3b, felietonami i analizami, uzupe\u0142niaj\u0105c to wszystko coraz lepszymi ilustracjami.<\/p>\n<p>A dziennik\u00f3w na rynku przybywa: w listopadzie wystartowa\u0142 &#8222;Nowy Dzie\u0144&#8221;, a do debiutu szykuj\u0105 si\u0119 r\u00f3wnie\u017c nowe tytu\u0142y wydawnictwa Axel Springer oraz Micha\u0142a So\u0142owowa. &#8211; Spory spadek sprzeda\u017cy odnotowali\u015bmy w pa\u017adzierniku 2003 r., gdy wystartowa\u0142 &#8222;Fakt&#8221;. Wtedy zostali\u015bmy ugodzeni przez &#8222;Gazet\u0119 Wyborcz\u0105&#8221;, kt\u00f3ra rozpocz\u0119\u0142a aktywn\u0105 kampani\u0119 reklamow\u0105 &#8211; m\u00f3wi &#8222;GW&#8221; Baczy\u0144ski.<\/p>\n<p>Walka trwa i w\u015br\u00f3d samych tygodnik\u00f3w. W ci\u0105gu ostatnich kilku lat na tym rynku zasz\u0142y powa\u017cne zmiany. W listopadzie 2001 r. wystartowa\u0142 &#8222;Newsweek Polska&#8221;, wiosn\u0105 2003 r. formu\u0142\u0119 zmieni\u0142 &#8222;Przekr\u00f3j&#8221;, a wiosn\u0105 tego roku pojawi\u0142 si\u0119 &#8222;Ozon&#8221;. Nie przyby\u0142o natomiast nowych czytelnik\u00f3w &#8211; w ci\u0105gu ostatnich trzech lat ich grono powi\u0119kszy\u0142o si\u0119 zaledwie o 50 tys. os\u00f3b. &#8211; Tygodniki sprzedaj\u0105 si\u0119 \u0142\u0105cznie w 600-700 tys. egzemplarzy i ta liczba si\u0119 nie zmienia od czasu wej\u015bcia na rynek &#8222;Newsweeka&#8221; &#8211; m\u00f3wi dziennikowi Amadeusz Kr\u00f3l, dyrektor generalny AWR Wprost. <\/p>\n<p>Ale nawet w tak trudnej sytuacji wi\u0119kszo\u015b\u0107 wydawc\u00f3w zachowuje zimn\u0105 krew i nie rozpoczyna walki na gad\u017cety. &#8211; Dlatego tylko w tym segmencie rynku mo\u017cna prze\u015bledzi\u0107, jak spadek sprzeda\u017cy odbija si\u0119 na czytelnictwie &#8211; m\u00f3wi &#8222;GW&#8221; Daria Draszczyk z domu mediowego Mediaedge:cia<\/p>\n<p>Dziennik\u00f3w i tygodnik\u00f3w jest coraz wi\u0119cej, a czytelnicy s\u0105 coraz mniej wierni swoim tytu\u0142om. Wydawcy podkre\u015blaj\u0105, \u017ce o popularnym dawniej kupowaniu dw\u00f3ch pism jednocze\u015bnie dzi\u015b nie ma mowy. Dlaczego? &#8211; Media opanowa\u0142y techniki marketingowe i ta bran\u017ca przypomina dzi\u015b arabski bazar, gdzie jest masa stragan\u00f3w i co chwila kto\u015b ci\u0105gnie klienta za kubrak i co\u015b proponuje. Kup, to dostaniesz ksi\u0105\u017ck\u0119, dodatek telewizyjny itp. &#8211; m\u00f3wi gazecie naczelny &#8222;Polityki&#8221;. Dodaje, \u017ce ludzie maj\u0105 coraz mniej czasu na czytanie. Tomasz Wr\u00f3blewski pr\u00f3buje t\u0142umaczy\u0107 to sytuacj\u0105 ekonomiczn\u0105. &#8211; Gospodarka si\u0119 rozwija, ale zatrudnienie pozostaje mniej wi\u0119cej na tym samym poziomie. Oznacza to, \u017ce czytaj\u0105cy nasze pisma ludzie bardziej wykszta\u0142ceni i lepiej zarabiaj\u0105cy pracuj\u0105 wi\u0119cej &#8211; wyja\u015bnia &#8222;GW&#8221; szef &#8222;Newsweeka&#8221;.<\/p>\n<p>I w\u0142a\u015bnie z powodu tych czytelnik\u00f3w mi\u0142o\u015b\u0107 reklamodawc\u00f3w do tygodnik\u00f3w nie s\u0142abnie &#8211; mimo spadku sprzeda\u017cy. Tygodniki to jedna z najbardziej lukratywnych cz\u0119\u015bci rynku prasowego. Wed\u0142ug szacunk\u00f3w firmy CR Media Consulting w zesz\u0142ym roku na reklam\u0119 w &#8222;Polityce&#8221;, &#8222;Newsweeku&#8221;, &#8222;Wprost&#8221; i &#8222;Przekroju&#8221; wydano \u0142\u0105cznie ponad 128 mln z\u0142 netto. A ma by\u0107 jeszcze lepiej. &#8211; S\u0105dz\u0119, \u017ce w tym roku przychody reklamowe b\u0119d\u0105 zaskakuj\u0105co wysokie dla ca\u0142ego segmentu &#8211; m\u00f3wi &#8222;GW&#8221; szef &#8222;Newsweeka&#8221;. R\u00f3wnie\u017c zdaniem naczelnego &#8222;Polityki&#8221; ten rok b\u0119dzie &#8222;wyra\u017anie lepszy od dw\u00f3ch poprzednich&#8221;.<\/p>\n<p>W domach mediowych decyduj\u0105cych o podziale bud\u017cet\u00f3w reklamodawc\u00f3w tygodniki maj\u0105 dobr\u0105 opini\u0119. &#8211; Ich sprzeda\u017c mo\u017ce si\u0119 r\u00f3\u017cni\u0107, ale czytelnik pozostaje wyrobiony i dlatego na ich \u0142amach reklamuj\u0105 si\u0119 samochody czy us\u0142ugi finansowe, czyli produkty kierowane do os\u00f3b o wy\u017cszych dochodach. Poza tym reklamy pojawiaj\u0105 si\u0119 tu obok rzetelnych informacji pisanych eleganckim j\u0119zykiem &#8211; m\u00f3wi &#8222;GW&#8221; Daria Draszczyk z domu mediowego Mediaedge:cia.<\/p>\n<p>Wydawcom sprzyja r\u00f3wnie\u017c nadmiar reklam w stacjach telewizyjnych, kt\u00f3re nie mog\u0105 ju\u017c przyjmowa\u0107 nowych zlece\u0144, gdy\u017c wyprzeda\u0142y sw\u00f3j czas reklamowy prawie w ca\u0142o\u015bci. W tej sytuacji reklamodawcy przenosz\u0105 cz\u0119\u015b\u0107 swoich bud\u017cet\u00f3w do innych medi\u00f3w.<\/p>\n<p>Powodzenie w\u015br\u00f3d reklamodawc\u00f3w wydawcy traktuj\u0105 jako dow\u00f3d s\u0142uszno\u015bci ich strategii polegaj\u0105cej m.in. na niedodawaniu gad\u017cet\u00f3w i dbaniu o jako\u015b\u0107 tytu\u0142\u00f3w. Swoich plan\u00f3w na przysz\u0142y rok nie chc\u0105 zdradza\u0107, ale przypuszczaj\u0105, \u017ce b\u0119dzie to rok dodatk\u00f3w specjalnych, kt\u00f3re mog\u0105 poszerzy\u0107 grono czytelnik\u00f3w tygodnik\u00f3w. Np. &#8222;Niezb\u0119dniki inteligenta&#8221; szef &#8222;Polityki&#8221; okre\u015bla jako &#8222;lewary sprzeda\u017cy&#8221;, bo zwi\u0119kszaj\u0105 one sprzeda\u017c pisma \u015brednio o 25-30 tys. egzemplarzy.<\/p>\n<p>&#8211; Dane sprzeda\u017cowe z tego roku pokazuj\u0105, \u017ce pomimo spadku o kilka punkt\u00f3w mamy stabilizacj\u0119. W listopadzie &#8222;Polityka&#8221; b\u0119dzie mia\u0142a sprzeda\u017c mniej wi\u0119cej tak\u0105 jak przed rokiem. Jest, podobnie jak na gie\u0142dzie, jaka\u015b nowa linia oporu i mam nadziej\u0119, \u017ce nie zostanie ona przebita. Cho\u0107 kilka takich linii ju\u017c przebili\u015bmy &#8211; m\u00f3wi dziennikowi Baczy\u0144ski.<\/p>\n<p>&#8211; Przysz\u0142y rok b\u0119dzie rokiem prawdy. M\u00f3wi\u0105c to, my\u015bl\u0119 o &#8222;Ozonie&#8221; i &#8222;Przekroju&#8221;. Uwa\u017cam, \u017ce tylko jeden z tych tytu\u0142\u00f3w mo\u017ce przetrwa\u0107 i s\u0105dz\u0119, \u017ce b\u0119dzie to &#8222;Przekr\u00f3j&#8221;, o ile porzuci ambicje konkurowania z informacyjnymi tytu\u0142ami i zamieni si\u0119 w offowy tygodnik dla m\u0142odszego czytelnika &#8211; m\u00f3wi &#8222;GW&#8221; Amadeusz Kr\u00f3l. <\/p>\n<p>Wydawany przez Edipresse &#8222;Przekr\u00f3j&#8221; walczy o awans do pierwszej ligi tygodnik\u00f3w i od wrze\u015bnia tego roku tytu\u0142 przynosi zyski sze\u015bciocyfrowe. &#8211; Ca\u0142kowity zwrot inwestycji mo\u017ce nast\u0105pi\u0107 w ci\u0105gu trzech lat &#8211; m\u00f3wi dziennikowi Ewa Redel, wiceprezes Edipresse. Od pocz\u0105tku lutego maj\u0105 nast\u0105pi\u0107 zmiany w szacie graficznej i zmniejszenie formatu pisma do wymiar\u00f3w konkurencyjnego &#8222;Newsweek Polska&#8221;.<\/p>\n<p>Natomiast &#8222;Ozon&#8221; walczy o \u017cycie, bo jego udzia\u0142owcy chc\u0105 sprzeda\u0107 pismo inwestorowi bran\u017cowemu. Nieoficjalnie wiadomo, \u017ce pracownicy tego pisma otrzymali w ostatnich dniach wypowiedzenia, ale wydawca nie chce komentowa\u0107 tych informacji. Niepowodzenie tego nowicjusza pokaza\u0142o pozosta\u0142ym wydawcom, jak konserwatywny jest ich czytelnik. Nie przemawiaj\u0105 do niego eksperymenty z form\u0105, np. nietradycyjny podzia\u0142 na rubryki, ani z tre\u015bci\u0105, polegaj\u0105ce na faworyzowaniu reporta\u017cy i analiz kosztem aktualnych wydarze\u0144 i akcentowaniu dobrych wiadomo\u015bci przy jednoczesnym unikaniu afer i politycznych skandali.<\/p>\n<p>Krzysztof Urbanowicz, prezes firmy Mediapolis specjalizuj\u0105cej si\u0119 m.in. w doradztwie na rynku prasowym, zwraca uwag\u0119 na to, \u017ce polskie tygodniki wci\u0105\u017c s\u0105 prawie nieobecne w internecie. A przez to nie nad\u0105\u017caj\u0105 za czytelnikiem. Wed\u0142ug Urbanowicza powinny one \u015bciga\u0107 si\u0119 o czytelnika z dziennikami, prowadz\u0105c aktualne witryny internetowe. &#8211; By\u0107 mo\u017ce tak powinno by\u0107, ale musimy jeszcze znale\u017a\u0107 jaki\u015b model biznesowy, \u017ceby inwestycje w internet si\u0119 zwr\u00f3ci\u0142y. Na naszych wydaniach elektronicznych zarabiamy, dlatego tu sprawa jest stosunkowo prosta &#8211; m\u00f3wi &#8222;GW&#8221; Tomasz Wr\u00f3blewski, naczelny &#8222;Newsweeka&#8221;.<\/p>\n<p>Amadeusz Kr\u00f3l powiedzia\u0142 gazecie, \u017ce zarz\u0105d AWR Wprost podj\u0105\u0142 na swoim ostatnim posiedzeniu decyzj\u0119 o rozwoju serwisu internetowego &#8222;Wprost&#8221; (propozycj\u0119 pracy w nim dostali pracownicy zamkni\u0119tego w\u0142a\u015bnie &#8222;Business Week&#8221; wydawanego przez AWR Wprost). W przysz\u0142ym roku ma si\u0119 on upodobni\u0107 do elektronicznych wersji niemieckich tygodnik\u00f3w &#8222;Stern&#8221; oraz &#8222;Focus&#8221;. &#8211; My\u015bl\u0119 jednak, \u017ce serwis internetowy nie b\u0119dzie jakim\u015b wielkim wsparciem dla papierowego wydania. B\u0119dzie to natomiast istotne wsparcie dla marki i nowe \u017ar\u00f3d\u0142o przychod\u00f3w &#8211; uwa\u017ca Amadeusz Kr\u00f3l.<\/p>\n","protected":false},"excerpt":{"rendered":"Sprzeda\u017c tygodnik\u00f3w opinii spada. Nawet we wrze\u015bniu, gdy kampania wyborcza trwa\u0142a w najlepsze, wi\u0119kszo\u015b\u0107 tych tytu\u0142\u00f3w sprzedawa\u0142a si\u0119 gorzej. Ale jest te\u017c dobra wiadomo\u015b\u0107: rosn\u0105 przychody z reklam &#8211; czytamy w &#8222;Gazecie Wyborczej&#8221;.","protected":false},"author":1,"featured_media":0,"comment_status":"open","ping_status":"closed","sticky":false,"template":"","format":"standard","meta":{"csco_display_header_overlay":false,"csco_singular_sidebar":"","csco_page_header_type":"","csco_page_load_nextpost":"","csco_post_video_location":[],"csco_post_video_location_hash":"","csco_post_video_url":"","csco_post_video_bg_start_time":0,"csco_post_video_bg_end_time":0,"footnotes":""},"categories":[9673],"tags":[],"class_list":{"0":"post-83108","1":"post","2":"type-post","3":"status-publish","4":"format-standard","6":"category-prasa","7":"cs-entry","8":"cs-video-wrap"},"_links":{"self":[{"href":"https:\/\/mediarun.com\/pl\/wp-json\/wp\/v2\/posts\/83108","targetHints":{"allow":["GET"]}}],"collection":[{"href":"https:\/\/mediarun.com\/pl\/wp-json\/wp\/v2\/posts"}],"about":[{"href":"https:\/\/mediarun.com\/pl\/wp-json\/wp\/v2\/types\/post"}],"author":[{"embeddable":true,"href":"https:\/\/mediarun.com\/pl\/wp-json\/wp\/v2\/users\/1"}],"replies":[{"embeddable":true,"href":"https:\/\/mediarun.com\/pl\/wp-json\/wp\/v2\/comments?post=83108"}],"version-history":[{"count":0,"href":"https:\/\/mediarun.com\/pl\/wp-json\/wp\/v2\/posts\/83108\/revisions"}],"wp:attachment":[{"href":"https:\/\/mediarun.com\/pl\/wp-json\/wp\/v2\/media?parent=83108"}],"wp:term":[{"taxonomy":"category","embeddable":true,"href":"https:\/\/mediarun.com\/pl\/wp-json\/wp\/v2\/categories?post=83108"},{"taxonomy":"post_tag","embeddable":true,"href":"https:\/\/mediarun.com\/pl\/wp-json\/wp\/v2\/tags?post=83108"}],"curies":[{"name":"wp","href":"https:\/\/api.w.org\/{rel}","templated":true}]}}