{"id":83095,"date":"2005-12-27T06:00:00","date_gmt":"2005-12-27T05:00:00","guid":{"rendered":"https:\/\/mediarun.com\/index.php\/news-posts\/przetasowania-w-wyborczej\/"},"modified":"2005-12-27T06:00:00","modified_gmt":"2005-12-27T05:00:00","slug":"przetasowania-w-wyborczej","status":"publish","type":"post","link":"https:\/\/mediarun.com\/pl\/ludzie\/awanse\/przetasowania-w-wyborczej.html","title":{"rendered":"Przetasowania w Wyborczej"},"content":{"rendered":"<p><P>sto\u0142ecznego wydania &#8221;GW&#8221; b\u0119dzie Seweryn Blumsztajn, dotychczas redaktor naczelny Gazety Wyborczej Krak\u00f3w.<\/P><br \/>\n<P>Andrzej Stefa\u0144ski jest zwi\u0105zany z &#8221;GW&#8221; od jej pocz\u0105tk\u00f3w. By\u0142 tw\u00f3rc\u0105 i szefem Gazety Wyborczej w Katowicach. Stanowisko naczelnego sto\u0142ecznego wydania zajmuje od maja 2001 roku.<\/P><br \/>\n<P>Seweryn Blumsztajn naczelnym Gazety Wyborczej Krak\u00f3w jest od 2002 roku, wcze\u015bniej by\u0142 m.in. szefem wszystkich oddzia\u0142\u00f3w &#8221;GW&#8221; i cz\u0142onkiem zarz\u0105du Agory.<\/P><br \/>\n<P>Naczelnym krakowskiej redakcji &#8221;GW&#8221; b\u0119dzie J\u00f3zef Stach\u00f3w, obecny zast\u0119pca Blumsztajna.<\/P><\/p>\n","protected":false},"excerpt":{"rendered":"Andrzej Stefa\u0144ski, szef warszawskiego oddzia\u0142u Gazety Wyborczej, odchodzi z Agory. Od 1 stycznia redaktorem naczelnym&#8230;","protected":false},"author":1,"featured_media":83096,"comment_status":"open","ping_status":"closed","sticky":false,"template":"","format":"standard","meta":{"csco_display_header_overlay":false,"csco_singular_sidebar":"","csco_page_header_type":"","csco_page_load_nextpost":"","csco_post_video_location":[],"csco_post_video_location_hash":"","csco_post_video_url":"","csco_post_video_bg_start_time":0,"csco_post_video_bg_end_time":0,"footnotes":""},"categories":[9678],"tags":[],"class_list":{"0":"post-83095","1":"post","2":"type-post","3":"status-publish","4":"format-standard","5":"has-post-thumbnail","7":"category-awanse","8":"cs-entry","9":"cs-video-wrap"},"_links":{"self":[{"href":"https:\/\/mediarun.com\/pl\/wp-json\/wp\/v2\/posts\/83095","targetHints":{"allow":["GET"]}}],"collection":[{"href":"https:\/\/mediarun.com\/pl\/wp-json\/wp\/v2\/posts"}],"about":[{"href":"https:\/\/mediarun.com\/pl\/wp-json\/wp\/v2\/types\/post"}],"author":[{"embeddable":true,"href":"https:\/\/mediarun.com\/pl\/wp-json\/wp\/v2\/users\/1"}],"replies":[{"embeddable":true,"href":"https:\/\/mediarun.com\/pl\/wp-json\/wp\/v2\/comments?post=83095"}],"version-history":[{"count":0,"href":"https:\/\/mediarun.com\/pl\/wp-json\/wp\/v2\/posts\/83095\/revisions"}],"wp:featuredmedia":[{"embeddable":true,"href":"https:\/\/mediarun.com\/pl\/wp-json\/wp\/v2\/media\/83096"}],"wp:attachment":[{"href":"https:\/\/mediarun.com\/pl\/wp-json\/wp\/v2\/media?parent=83095"}],"wp:term":[{"taxonomy":"category","embeddable":true,"href":"https:\/\/mediarun.com\/pl\/wp-json\/wp\/v2\/categories?post=83095"},{"taxonomy":"post_tag","embeddable":true,"href":"https:\/\/mediarun.com\/pl\/wp-json\/wp\/v2\/tags?post=83095"}],"curies":[{"name":"wp","href":"https:\/\/api.w.org\/{rel}","templated":true}]}}