{"id":83091,"date":"2005-12-27T06:00:00","date_gmt":"2005-12-27T05:00:00","guid":{"rendered":"https:\/\/mediarun.com\/index.php\/news-posts\/pracownicy-ozonu-otrzymali-wymowienia\/"},"modified":"2005-12-27T06:00:00","modified_gmt":"2005-12-27T05:00:00","slug":"pracownicy-ozonu-otrzymali-wymowienia","status":"publish","type":"post","link":"https:\/\/mediarun.com\/pl\/media\/prasa\/pracownicy-ozonu-otrzymali-wymowienia.html","title":{"rendered":"Pracownicy Ozonu otrzymali wym\u00f3wienia"},"content":{"rendered":"<p><P>pracuje na kontraktach.<\/P><br \/>\n<P>&#8211; Wypowiedzenia obowi\u0105zuj\u0105ce od 1 stycznia 2006 roku dosta\u0142o pi\u0119\u0107 czy sze\u015b\u0107 os\u00f3b. To ruch zapobiegawczy &#8211; m\u00f3wi Micha\u0142 Je\u017cewski, prezes zarz\u0105du Ozon Media.<\/P><br \/>\n<P>Podczas walnego zgromadzenia, kt\u00f3re rozpocz\u0119\u0142o si\u0119 w przed\u015bwi\u0105teczny poniedzia\u0142ek, udzia\u0142owcy Ozon Media omawiali kondycj\u0119 tytu\u0142u. Zebranie zosta\u0142o przerwane i prze\u0142o\u017cone na 28 grudnia. Wtedy ma zapa\u015b\u0107 decyzja co do przysz\u0142o\u015bci tytu\u0142u. &#8211; Mamy dw\u00f3ch powa\u017cnych wydawc\u00f3w, z kt\u00f3rymi prowadzimy rozmowy &#8211; m\u00f3wi Je\u017cewski. Nie podaje jednak, jakie to firmy, ani na jakim etapie s\u0105 rozmowy.<\/P><br \/>\n<P>&#8211; Prowadzone s\u0105 r\u00f3\u017cnego rodzaju rozmowy, ale nic nie jest zako\u0144czone &#8211; powiedzia\u0142 PAP we wtorek w\u0142a\u015bciciel 53 proc. udzia\u0142\u00f3w w tygodniku Ozon, pose\u0142 Platformy Obywatelskiej Janusz Palikot. Doda\u0142, \u017ce jest dw\u00f3ch potencjalnych inwestor\u00f3w dla <BR>tygodnika. <\/P><br \/>\n<P>Na pocz\u0105tku grudnia poinformowano, \u017ce w\u0142a\u015bciciele tygodnika Ozon chc\u0105 go sprzeda\u0107. Poza Palikotem udzia\u0142y w wydawnictwie ma Zbigniew Drzyma\u0142a, g\u0142\u00f3wny akcjonariusz Inter Groclin Auto (ponad 10 proc); jest tak\u017ce o\u015bmiu mniejszo\u015bciowych udzia\u0142owc\u00f3w sp\u00f3\u0142ki.<\/P><br \/>\n<P>W kwietniu br. Janusz Palikot informowa\u0142, \u017ce udzia\u0142owcy sp\u00f3\u0142ki b\u0119d\u0105 tak d\u0142ugo dofinansowywa\u0107 tygodnik, a\u017c tytu\u0142 b\u0119dzie m\u00f3g\u0142 sam na siebie zarobi\u0107. O\u015bwiadczy\u0142 wtedy, \u017ce odpowied\u017a, czy nowy Ozon odni\u00f3s\u0142 sukces, czy nie, b\u0119dzie znana w grudniu. Sukces to &#8211; zgodnie z zapowiedziami udzia\u0142owc\u00f3w sp\u00f3\u0142ki &#8211; sprzeda\u017c tygodnika na poziomie 100 tys. egzemplarzy. Z danych Zwi\u0105zku Kontroli Dystrybucji Prasy wynika, \u017ce Ozon we wrze\u015bniu sprzeda\u0142 45,3 tys. egzemplarzy. Gdy pismo startowa\u0142o, sprzedawa\u0142o si\u0119 w prawie 98 tys. egzemplarzy. <\/P><\/p>\n","protected":false},"excerpt":{"rendered":"Kierownictwo tygodnika Ozon wr\u0119czy\u0142o wypowiedzenia etatowym pracownikom. Wi\u0119kszo\u015b\u0107, w tym wszyscy dziennikarze i redaktor naczelny&#8230;","protected":false},"author":1,"featured_media":83092,"comment_status":"open","ping_status":"closed","sticky":false,"template":"","format":"standard","meta":{"csco_display_header_overlay":false,"csco_singular_sidebar":"","csco_page_header_type":"","csco_page_load_nextpost":"","csco_post_video_location":[],"csco_post_video_location_hash":"","csco_post_video_url":"","csco_post_video_bg_start_time":0,"csco_post_video_bg_end_time":0,"footnotes":""},"categories":[9673],"tags":[],"class_list":{"0":"post-83091","1":"post","2":"type-post","3":"status-publish","4":"format-standard","5":"has-post-thumbnail","7":"category-prasa","8":"cs-entry","9":"cs-video-wrap"},"_links":{"self":[{"href":"https:\/\/mediarun.com\/pl\/wp-json\/wp\/v2\/posts\/83091","targetHints":{"allow":["GET"]}}],"collection":[{"href":"https:\/\/mediarun.com\/pl\/wp-json\/wp\/v2\/posts"}],"about":[{"href":"https:\/\/mediarun.com\/pl\/wp-json\/wp\/v2\/types\/post"}],"author":[{"embeddable":true,"href":"https:\/\/mediarun.com\/pl\/wp-json\/wp\/v2\/users\/1"}],"replies":[{"embeddable":true,"href":"https:\/\/mediarun.com\/pl\/wp-json\/wp\/v2\/comments?post=83091"}],"version-history":[{"count":0,"href":"https:\/\/mediarun.com\/pl\/wp-json\/wp\/v2\/posts\/83091\/revisions"}],"wp:featuredmedia":[{"embeddable":true,"href":"https:\/\/mediarun.com\/pl\/wp-json\/wp\/v2\/media\/83092"}],"wp:attachment":[{"href":"https:\/\/mediarun.com\/pl\/wp-json\/wp\/v2\/media?parent=83091"}],"wp:term":[{"taxonomy":"category","embeddable":true,"href":"https:\/\/mediarun.com\/pl\/wp-json\/wp\/v2\/categories?post=83091"},{"taxonomy":"post_tag","embeddable":true,"href":"https:\/\/mediarun.com\/pl\/wp-json\/wp\/v2\/tags?post=83091"}],"curies":[{"name":"wp","href":"https:\/\/api.w.org\/{rel}","templated":true}]}}