{"id":83077,"date":"2005-12-27T16:00:51","date_gmt":"2005-12-27T15:00:51","guid":{"rendered":"https:\/\/mediarun.com\/index.php\/news-posts\/plocka-eska-w-zawieszeniu\/"},"modified":"2005-12-27T16:00:51","modified_gmt":"2005-12-27T15:00:51","slug":"plocka-eska-w-zawieszeniu","status":"publish","type":"post","link":"https:\/\/mediarun.com\/pl\/media\/radio\/plocka-eska-w-zawieszeniu.html","title":{"rendered":"P\u0142ocka Eska w zawieszeniu"},"content":{"rendered":"<p>Na cz\u0119stotliwo\u015bci na kt\u00f3rej przez dekad\u0119 nadawa\u0142o radio Puls, s\u0142ycha\u0107 obecnie jedynie warszawsk\u0105 wersj\u0119 Eski. P\u0142ocki oddzia\u0142 rozg\u0142o\u015bni, kt\u00f3ry pojawi\u0142 si\u0119 w mie\u015bcie w wyniku umowy franschingowej zawartej z El\u017cbiet\u0105 Czerema\u0144sk\u0105 (w\u0142a\u015bcicielk\u0105 koncesji KRRiT ) przed kilkoma tygodniami zosta\u0142 zamkni\u0119ty, a jego sprz\u0119t zabezpieczono ze wzgl\u0119du na zobowi\u0105zania Czerema\u0144skiej.<\/p>\n<p>Je\u015bli d\u0142ugi w\u0142a\u015bcicielki nie zostan\u0105 sp\u0142acone Urz\u0105d Skarbowy zlicytuje sprz\u0119t stacji. K\u0142opotliwe dla rozg\u0142o\u015bni s\u0105 tak\u017ce rozwi\u0105zania prawne zwi\u0105zane<br \/>\nz funkcjonowaniem firmy na lokalnym rynku.<\/p>\n","protected":false},"excerpt":{"rendered":"Wa\u017c\u0105 si\u0119 losy p\u0142ockiej rozg\u0142o\u015bni radiowej. Lokalny odzia\u0142 Eski, do ko\u0144ca roku b\u0119dzie dzia\u0142a\u0142 w zawieszeniu. Mieszka\u0144cy miasta zostali pozbawieni regionalnych serwis\u00f3w informacyjnych.","protected":false},"author":1,"featured_media":83078,"comment_status":"open","ping_status":"closed","sticky":false,"template":"","format":"standard","meta":{"csco_display_header_overlay":false,"csco_singular_sidebar":"","csco_page_header_type":"","csco_page_load_nextpost":"","csco_post_video_location":[],"csco_post_video_location_hash":"","csco_post_video_url":"","csco_post_video_bg_start_time":0,"csco_post_video_bg_end_time":0,"footnotes":""},"categories":[9672],"tags":[],"class_list":{"0":"post-83077","1":"post","2":"type-post","3":"status-publish","4":"format-standard","5":"has-post-thumbnail","7":"category-radio","8":"cs-entry","9":"cs-video-wrap"},"_links":{"self":[{"href":"https:\/\/mediarun.com\/pl\/wp-json\/wp\/v2\/posts\/83077","targetHints":{"allow":["GET"]}}],"collection":[{"href":"https:\/\/mediarun.com\/pl\/wp-json\/wp\/v2\/posts"}],"about":[{"href":"https:\/\/mediarun.com\/pl\/wp-json\/wp\/v2\/types\/post"}],"author":[{"embeddable":true,"href":"https:\/\/mediarun.com\/pl\/wp-json\/wp\/v2\/users\/1"}],"replies":[{"embeddable":true,"href":"https:\/\/mediarun.com\/pl\/wp-json\/wp\/v2\/comments?post=83077"}],"version-history":[{"count":0,"href":"https:\/\/mediarun.com\/pl\/wp-json\/wp\/v2\/posts\/83077\/revisions"}],"wp:featuredmedia":[{"embeddable":true,"href":"https:\/\/mediarun.com\/pl\/wp-json\/wp\/v2\/media\/83078"}],"wp:attachment":[{"href":"https:\/\/mediarun.com\/pl\/wp-json\/wp\/v2\/media?parent=83077"}],"wp:term":[{"taxonomy":"category","embeddable":true,"href":"https:\/\/mediarun.com\/pl\/wp-json\/wp\/v2\/categories?post=83077"},{"taxonomy":"post_tag","embeddable":true,"href":"https:\/\/mediarun.com\/pl\/wp-json\/wp\/v2\/tags?post=83077"}],"curies":[{"name":"wp","href":"https:\/\/api.w.org\/{rel}","templated":true}]}}