{"id":83056,"date":"2005-12-28T11:02:04","date_gmt":"2005-12-28T10:02:04","guid":{"rendered":"https:\/\/mediarun.com\/index.php\/news-posts\/samoobrona-chce-karac-dziennikarzy\/"},"modified":"2005-12-28T11:02:04","modified_gmt":"2005-12-28T10:02:04","slug":"samoobrona-chce-karac-dziennikarzy","status":"publish","type":"post","link":"https:\/\/mediarun.com\/pl\/media\/tv\/samoobrona-chce-karac-dziennikarzy.html","title":{"rendered":"Samoobrona chce kara\u0107 dziennikarzy"},"content":{"rendered":"<p>W znowelizowanej w\u0142a\u015bnie ustawie o mediach nowa KRRiT dosta\u0142a nowe zadanie: &#8222;Inicjowanie i podejmowanie dzia\u0142a\u0144 w zakresie ochrony zasad etyki dziennikarskiej&#8221;. Tak\u0105 poprawk\u0119 do ustawy wprowadzi\u0142a Samoobrona podczas prac nad ustaw\u0105 w sejmowej komisji kultury, a PiS j\u0105 popar\u0142. Musia\u0142 &#8211; to by\u0142a cena Samoobrony za pomoc w przepchni\u0119ciu tej ustawy w Sejmie. <\/p>\n<p>Dzi\u0119ki ustawie Prawo i Sprawiedliwo\u015b\u0107 przejmie w\u0142adz\u0119 w nowej KRRiT (b\u0119dzie mie\u0107 trzech na pi\u0119\u0107 cz\u0142onk\u00f3w), a wi\u0119c kontrol\u0119 nad w\u0142adzami medi\u00f3w publicznych i komercyjnych.<\/p>\n<p>Na rozpoczynaj\u0105cym si\u0119 dzi\u015b posiedzeniu Sejm zajmie si\u0119 poprawkami Senatu (dotycz\u0105 tylko drobnych b\u0142\u0119d\u00f3w).<\/p>\n<p>By\u0107 mo\u017ce jeszcze w tym roku ustaw\u0119 podpisze prezydent Lech Kaczy\u0144ski. Nowa KRRiT ma zosta\u0107 powo\u0142ana po Nowym Roku.<\/p>\n<p>Opozycja i ust\u0119puj\u0105ca KRRiT chc\u0105 zg\u0142osi\u0107 ustaw\u0119 do Trybuna\u0142u Konstytucyjnego w\u0142a\u015bnie w sprawie &#8222;etyki&#8221; i tzw. rekoncesji dla nadawc\u00f3w spo\u0142ecznych.<\/p>\n","protected":false},"excerpt":{"rendered":"Samoobrona chce kara\u0107 dziennikarzy, kt\u00f3rzy pisz\u0105 (o niej) nieprawd\u0119. Dlatego wprowadzi\u0142a do znowelizowanej ustawy o mediach zapis o &#8222;etyce dziennikarskiej&#8221;. I faktycznie nowa KRRiT mo\u017ce kaza\u0107 nadawcom s\u0142ono p\u0142aci\u0107 za brak etyki, do sze\u015bciu ich miesi\u0119cznych pensji- donosi &#8222;GW&#8221;.","protected":false},"author":1,"featured_media":0,"comment_status":"open","ping_status":"closed","sticky":false,"template":"","format":"standard","meta":{"csco_display_header_overlay":false,"csco_singular_sidebar":"","csco_page_header_type":"","csco_page_load_nextpost":"","csco_post_video_location":[],"csco_post_video_location_hash":"","csco_post_video_url":"","csco_post_video_bg_start_time":0,"csco_post_video_bg_end_time":0,"footnotes":""},"categories":[9670],"tags":[],"class_list":{"0":"post-83056","1":"post","2":"type-post","3":"status-publish","4":"format-standard","6":"category-tv","7":"cs-entry","8":"cs-video-wrap"},"_links":{"self":[{"href":"https:\/\/mediarun.com\/pl\/wp-json\/wp\/v2\/posts\/83056","targetHints":{"allow":["GET"]}}],"collection":[{"href":"https:\/\/mediarun.com\/pl\/wp-json\/wp\/v2\/posts"}],"about":[{"href":"https:\/\/mediarun.com\/pl\/wp-json\/wp\/v2\/types\/post"}],"author":[{"embeddable":true,"href":"https:\/\/mediarun.com\/pl\/wp-json\/wp\/v2\/users\/1"}],"replies":[{"embeddable":true,"href":"https:\/\/mediarun.com\/pl\/wp-json\/wp\/v2\/comments?post=83056"}],"version-history":[{"count":0,"href":"https:\/\/mediarun.com\/pl\/wp-json\/wp\/v2\/posts\/83056\/revisions"}],"wp:attachment":[{"href":"https:\/\/mediarun.com\/pl\/wp-json\/wp\/v2\/media?parent=83056"}],"wp:term":[{"taxonomy":"category","embeddable":true,"href":"https:\/\/mediarun.com\/pl\/wp-json\/wp\/v2\/categories?post=83056"},{"taxonomy":"post_tag","embeddable":true,"href":"https:\/\/mediarun.com\/pl\/wp-json\/wp\/v2\/tags?post=83056"}],"curies":[{"name":"wp","href":"https:\/\/api.w.org\/{rel}","templated":true}]}}