{"id":83055,"date":"2005-12-28T11:42:46","date_gmt":"2005-12-28T10:42:46","guid":{"rendered":"https:\/\/mediarun.com\/index.php\/news-posts\/papieski-kalendarz-w-zw\/"},"modified":"2005-12-28T11:42:46","modified_gmt":"2005-12-28T10:42:46","slug":"papieski-kalendarz-w-zw","status":"publish","type":"post","link":"https:\/\/mediarun.com\/pl\/media\/prasa\/papieski-kalendarz-w-zw.html","title":{"rendered":"Papieski kalendarz w &#8222;\u017bW&#8221;"},"content":{"rendered":"<p>Kalendarz zosta\u0142 wydany w formacie A4, na papierze kredowym. <\/p>\n<p>Patronem medialnym kalendarza jest Radio RdC. Kampania reklamowa &#8211; opr\u00f3cz RdC &#8211; obejmie r\u00f3wnie\u017c inne stacje radiowe. (m.in. radio WaWa, Z\u0142ote Przeboje, Praga).  <\/p>\n","protected":false},"excerpt":{"rendered":"W czwartek, 29 grudnia, do &#8222;\u017bycia Warszawy&#8221; zostanie do\u0142\u0105czony \u015bcienny kalendarz na 2006 rok z najpi\u0119kniejszymi zdj\u0119ciami Jana Paw\u0142a II. Opr\u00f3cz fotografii papie\u017ca pochodz\u0105cych z pielgrzymek do Polski, czytelnicy &#8222;\u017bW&#8221; znajd\u0105 tak\u017ce my\u015bli oraz fragmenty homilii, wyg\u0142aszanych podczas spotka\u0144 z wiernymi.","protected":false},"author":1,"featured_media":0,"comment_status":"open","ping_status":"closed","sticky":false,"template":"","format":"standard","meta":{"csco_display_header_overlay":false,"csco_singular_sidebar":"","csco_page_header_type":"","csco_page_load_nextpost":"","csco_post_video_location":[],"csco_post_video_location_hash":"","csco_post_video_url":"","csco_post_video_bg_start_time":0,"csco_post_video_bg_end_time":0,"footnotes":""},"categories":[9673],"tags":[],"class_list":{"0":"post-83055","1":"post","2":"type-post","3":"status-publish","4":"format-standard","6":"category-prasa","7":"cs-entry","8":"cs-video-wrap"},"_links":{"self":[{"href":"https:\/\/mediarun.com\/pl\/wp-json\/wp\/v2\/posts\/83055","targetHints":{"allow":["GET"]}}],"collection":[{"href":"https:\/\/mediarun.com\/pl\/wp-json\/wp\/v2\/posts"}],"about":[{"href":"https:\/\/mediarun.com\/pl\/wp-json\/wp\/v2\/types\/post"}],"author":[{"embeddable":true,"href":"https:\/\/mediarun.com\/pl\/wp-json\/wp\/v2\/users\/1"}],"replies":[{"embeddable":true,"href":"https:\/\/mediarun.com\/pl\/wp-json\/wp\/v2\/comments?post=83055"}],"version-history":[{"count":0,"href":"https:\/\/mediarun.com\/pl\/wp-json\/wp\/v2\/posts\/83055\/revisions"}],"wp:attachment":[{"href":"https:\/\/mediarun.com\/pl\/wp-json\/wp\/v2\/media?parent=83055"}],"wp:term":[{"taxonomy":"category","embeddable":true,"href":"https:\/\/mediarun.com\/pl\/wp-json\/wp\/v2\/categories?post=83055"},{"taxonomy":"post_tag","embeddable":true,"href":"https:\/\/mediarun.com\/pl\/wp-json\/wp\/v2\/tags?post=83055"}],"curies":[{"name":"wp","href":"https:\/\/api.w.org\/{rel}","templated":true}]}}