{"id":83051,"date":"2005-12-28T14:31:37","date_gmt":"2005-12-28T13:31:37","guid":{"rendered":"https:\/\/mediarun.com\/index.php\/news-posts\/zaskarzyc-ustawe-o-rtv\/"},"modified":"2005-12-28T14:31:37","modified_gmt":"2005-12-28T13:31:37","slug":"zaskarzyc-ustawe-o-rtv","status":"publish","type":"post","link":"https:\/\/mediarun.com\/pl\/media\/tv\/zaskarzyc-ustawe-o-rtv.html","title":{"rendered":"Zaskar\u017cy\u0107 ustaw\u0119 o RTV"},"content":{"rendered":"<p>Jak czytamy w dzienniku, na nadzwyczajnym posiedzeniu zebra\u0142a si\u0119 &#8222;stara&#8221; KRRiT, by jeszcze przed jej odwo\u0142aniem wyst\u0105pi\u0107 do Trybuna\u0142u Konstytucyjnego (za po\u015brednictwem rzecznika praw obywatelskich) o uznanie znowelizowanej ustawy o mediach za niezgodn\u0105 z konstytucj\u0105. KRRiT kwestionuje m.in. zapis o etyce (bo mo\u017ce przekre\u015bla\u0107 konstytucyjny zakaz cenzury) &#8211; zapis, \u017ce prezydent powo\u0142uje i odwo\u0142uje szefa Krajowej Rady (bo jest to sprzeczne z konstytucyjn\u0105 zasad\u0105 niezale\u017cno\u015bci KRRiT od naczelnych organ\u00f3w w\u0142adzy publicznej, czyli m.in. od prezydenta).<\/p>\n<p>KRRiT podkre\u015bla tak\u017ce, \u017ce wbrew konstytucji Sejm przyj\u0105\u0142 projekt w trybie pilnym (a nawet jeszcze szybciej), cho\u0107 jest on zarezerwowany dla projekt\u00f3w rz\u0105dowych (a ten by\u0142 poselski).<\/p>\n","protected":false},"excerpt":{"rendered":"Krajowa Rada Radiofonii i Telewizji chce, by Trybuna\u0142 Konstytucyjny orzek\u0142, \u017ce uchwalana ostatnio w ekspresowym tempie ustawa o RTV jest w ca\u0142o\u015bci niezgodna z konstytucj\u0105 &#8211; pisze &#8222;Gazeta Wyborcza&#8221;.","protected":false},"author":1,"featured_media":83052,"comment_status":"open","ping_status":"closed","sticky":false,"template":"","format":"standard","meta":{"csco_display_header_overlay":false,"csco_singular_sidebar":"","csco_page_header_type":"","csco_page_load_nextpost":"","csco_post_video_location":[],"csco_post_video_location_hash":"","csco_post_video_url":"","csco_post_video_bg_start_time":0,"csco_post_video_bg_end_time":0,"footnotes":""},"categories":[9670],"tags":[],"class_list":{"0":"post-83051","1":"post","2":"type-post","3":"status-publish","4":"format-standard","5":"has-post-thumbnail","7":"category-tv","8":"cs-entry","9":"cs-video-wrap"},"_links":{"self":[{"href":"https:\/\/mediarun.com\/pl\/wp-json\/wp\/v2\/posts\/83051","targetHints":{"allow":["GET"]}}],"collection":[{"href":"https:\/\/mediarun.com\/pl\/wp-json\/wp\/v2\/posts"}],"about":[{"href":"https:\/\/mediarun.com\/pl\/wp-json\/wp\/v2\/types\/post"}],"author":[{"embeddable":true,"href":"https:\/\/mediarun.com\/pl\/wp-json\/wp\/v2\/users\/1"}],"replies":[{"embeddable":true,"href":"https:\/\/mediarun.com\/pl\/wp-json\/wp\/v2\/comments?post=83051"}],"version-history":[{"count":0,"href":"https:\/\/mediarun.com\/pl\/wp-json\/wp\/v2\/posts\/83051\/revisions"}],"wp:featuredmedia":[{"embeddable":true,"href":"https:\/\/mediarun.com\/pl\/wp-json\/wp\/v2\/media\/83052"}],"wp:attachment":[{"href":"https:\/\/mediarun.com\/pl\/wp-json\/wp\/v2\/media?parent=83051"}],"wp:term":[{"taxonomy":"category","embeddable":true,"href":"https:\/\/mediarun.com\/pl\/wp-json\/wp\/v2\/categories?post=83051"},{"taxonomy":"post_tag","embeddable":true,"href":"https:\/\/mediarun.com\/pl\/wp-json\/wp\/v2\/tags?post=83051"}],"curies":[{"name":"wp","href":"https:\/\/api.w.org\/{rel}","templated":true}]}}