{"id":83049,"date":"2005-12-28T17:48:04","date_gmt":"2005-12-28T16:48:04","guid":{"rendered":"https:\/\/mediarun.com\/index.php\/news-posts\/tvn-wykupil-lokalna-telewizje\/"},"modified":"2005-12-28T17:48:04","modified_gmt":"2005-12-28T16:48:04","slug":"tvn-wykupil-lokalna-telewizje","status":"publish","type":"post","link":"https:\/\/mediarun.com\/pl\/media\/tv\/tvn-wykupil-lokalna-telewizje.html","title":{"rendered":"TVN wykupi\u0142 lokaln\u0105 telewizj\u0119"},"content":{"rendered":"<p>&#8211; Program NTL-u b\u0119dzie nadawany tak jak dotychczas. B\u0119dziemy si\u0119 mu z uwag\u0105, jako w\u0142a\u015bciciele przygl\u0105da\u0107, a je\u015bli zajd\u0105 jakie\u015b zmiany, to z pewno\u015bci\u0105 b\u0119d\u0105 one pozytywne dla widza &#8211; m\u00f3wi tygodnikowi Tomasz Berezowski.<\/p>\n<p>&#8211; Nie boimy si\u0119 zmian, \u017cadnych rewolucji nie b\u0119dzie, cho\u0107 NTL stanie si\u0119 teraz jednym z element\u00f3w grupy TVN &#8211; t\u0142umaczy &#8222;Gazecie Radomszcza\u0144skiej&#8221; Daniel \u0141uszczyn, d\u0142ugoletni dziennikarz NTL-u. &#8211; Zachowamy swoj\u0105 nazw\u0119 i lokalny charakter, ale zmieni si\u0119 na przyk\u0142ad oprawa graficzna. Te zmiany b\u0119d\u0105 widoczne w marcu, gdy ruszy wiosenna ram\u00f3wka TVN-u &#8211; dodaje.<\/p>\n<p>Gazeta przypomina, \u017ce na pocz\u0105tku wrze\u015bnia TVN podpisa\u0142 umow\u0119 z radomszcza\u0144sk\u0105 Niezale\u017cn\u0105 Telewizj\u0105 Lokaln\u0105 i od tej pory na tym pa\u015bmie zast\u0105pi\u0142 on telewizj\u0119 TV4. &#8211; Dzi\u0119ki temu zasi\u0119g naszej telewizji powi\u0119kszy\u0142 si\u0119 o 250 tysi\u0119cy widz\u00f3w &#8211; m\u00f3wi tygodnikowi Tomasz Berezowski z biura TVN.<\/p>\n","protected":false},"excerpt":{"rendered":"TVN sta\u0142 si\u0119 w\u0142a\u015bcicielem radomszcza\u0144skiej Niezale\u017cnej Telewizji Lokalnej &#8211; pisze &#8222;Gazeta Radomszcza\u0144ska&#8221;. 14 grudnia stacja kupi\u0142a od Tadeusza D\u0105browskiego 100 procent udzia\u0142\u00f3w NTL-u. &#8211; NTL absolutnie nie zniknie &#8211; zapewnia Tomasz Berezowski z biura TVN.","protected":false},"author":1,"featured_media":83050,"comment_status":"open","ping_status":"closed","sticky":false,"template":"","format":"standard","meta":{"csco_display_header_overlay":false,"csco_singular_sidebar":"","csco_page_header_type":"","csco_page_load_nextpost":"","csco_post_video_location":[],"csco_post_video_location_hash":"","csco_post_video_url":"","csco_post_video_bg_start_time":0,"csco_post_video_bg_end_time":0,"footnotes":""},"categories":[9670],"tags":[],"class_list":{"0":"post-83049","1":"post","2":"type-post","3":"status-publish","4":"format-standard","5":"has-post-thumbnail","7":"category-tv","8":"cs-entry","9":"cs-video-wrap"},"_links":{"self":[{"href":"https:\/\/mediarun.com\/pl\/wp-json\/wp\/v2\/posts\/83049","targetHints":{"allow":["GET"]}}],"collection":[{"href":"https:\/\/mediarun.com\/pl\/wp-json\/wp\/v2\/posts"}],"about":[{"href":"https:\/\/mediarun.com\/pl\/wp-json\/wp\/v2\/types\/post"}],"author":[{"embeddable":true,"href":"https:\/\/mediarun.com\/pl\/wp-json\/wp\/v2\/users\/1"}],"replies":[{"embeddable":true,"href":"https:\/\/mediarun.com\/pl\/wp-json\/wp\/v2\/comments?post=83049"}],"version-history":[{"count":0,"href":"https:\/\/mediarun.com\/pl\/wp-json\/wp\/v2\/posts\/83049\/revisions"}],"wp:featuredmedia":[{"embeddable":true,"href":"https:\/\/mediarun.com\/pl\/wp-json\/wp\/v2\/media\/83050"}],"wp:attachment":[{"href":"https:\/\/mediarun.com\/pl\/wp-json\/wp\/v2\/media?parent=83049"}],"wp:term":[{"taxonomy":"category","embeddable":true,"href":"https:\/\/mediarun.com\/pl\/wp-json\/wp\/v2\/categories?post=83049"},{"taxonomy":"post_tag","embeddable":true,"href":"https:\/\/mediarun.com\/pl\/wp-json\/wp\/v2\/tags?post=83049"}],"curies":[{"name":"wp","href":"https:\/\/api.w.org\/{rel}","templated":true}]}}