{"id":83044,"date":"2005-12-29T02:07:42","date_gmt":"2005-12-29T01:07:42","guid":{"rendered":"https:\/\/mediarun.com\/index.php\/news-posts\/o-tvp-w-tygodniku-powszechnym\/"},"modified":"2005-12-29T02:07:42","modified_gmt":"2005-12-29T01:07:42","slug":"o-tvp-w-tygodniku-powszechnym","status":"publish","type":"post","link":"https:\/\/mediarun.com\/pl\/media\/prasa\/o-tvp-w-tygodniku-powszechnym.html","title":{"rendered":"O TVP w Tygodniku Powszechnym"},"content":{"rendered":"<p>&#8222;Z kolei PiS utrzymuje, \u017ce mo\u017ce uleczy\u0107 media z choroby upartyjnienia maj\u0105c za pomocnik\u00f3w LPR i Samoobron\u0119. Zupe\u0142nie jak w programie &raquo;Nie do wiary&laquo;&#8221;.<\/p>\n<p>&#8222;Ustawa medialna to pierwsza pr\u00f3ba przeprowadzenia reformatorskiej ustawy przez rz\u0105d, za kt\u00f3rym nie stoi wi\u0119kszo\u015b\u0107 parlamentarna. Odbywa si\u0119 to kosztem ust\u0119pstw na rzecz drobnych koalicjant\u00f3w (&#8230;). Nie da si\u0119 reformowa\u0107 kraju, nie maj\u0105c wi\u0119kszo\u015bci. (&#8230;) Nie da si\u0119 naprawia\u0107 kraju przechodz\u0105c do twardej opozycji i g\u0142osuj\u0105c przeciwko w\u0142asnym obietnicom. Jedyne, co w ten spos\u00f3b mo\u017cna zaoferowa\u0107 wyborcom, to makabryczny pokaz seppuku w \u0142awach rz\u0105dowych i opozycyjnych. B\u0119dzie to ciekawe, acz bezsensowne, niezale\u017cnie od tego, czyja telewizja to poka\u017ce.&#8221;<\/p>\n<p>Joanna Olech raz na dwa lata ogl\u0105da w Monachium Prix Jeunesse &#8211; przegl\u0105d najlepszych w \u015bwiecie program\u00f3w telewizyjnych dla dzieci i wtedy &#8222;miota ciche obelgi pod adresem prezes\u00f3w TVP, kt\u00f3rzy z racji swojej dzieciofobii i konsekwentnego lekcewa\u017cenia ma\u0142ych widz\u00f3w zlewaj\u0105 si\u0119 w jedn\u0105 figur\u0119 Prezesa Aroganta&#8221;.<\/p>\n<p> W czasie Festiwalu rzuca si\u0119 w oczy &#8222;pokora realizator\u00f3w wobec dziecka (&#8230;). Wielokrotnie przygl\u0105da\u0142am si\u0119 realizacjom program\u00f3w dla dzieci na Woronicza &#8211; mali go\u015bcie traktowani s\u0105 instrumentalnie, poszturchiwani i pouczani, z regu\u0142y klepi\u0105 bezmy\u015blnie tekst podrzucony przez redaktora. S\u0105 statystami w spektaklu arbitralnych doros\u0142ych &#8211; jak tresowany kujon na szkolnej akademii.&#8221;<\/p>\n<p>&#8222;Na tle medialnych przysmak\u00f3w nasza rodzima pasza tre\u015bciwa wygl\u0105da \u017ca\u0142o\u015bnie. Skansen rutyny i cha\u0142tury, nietkni\u0119ty zmian\u0105 od lat. Niskie bud\u017cety, niskie wymagania, pozorowanie dzia\u0142alno\u015bci. Jak ka\u017cda dziedzina \u017cycia niedotkni\u0119ta krytyk\u0105 i ocen\u0105, telewizja dzieci\u0119ca wegetuje od lat w stanie hibernacji, jak mierny ucze\u0144 &#8211;  tak nijaki, \u017ce jego imienia \u017caden nauczyciel nie spami\u0119ta.&#8221;<\/p>\n<p>Jan Strza\u0142ka w Bilansie roku 2005 tak zaczyna tekst &#8222;Na \u015bmier\u0107 kultury w telewizji publicznej&#8221;: &#8222;Cierpia\u0142a, wi\u0142a si\u0119 w m\u0119kach, traci\u0142a przytomno\u015b\u0107. Rankiem si\u0119 mizdrzy\u0142a, po po\u0142udniu pudrowa\u0142a i krygowa\u0142a, wieczorem wo\u0142a\u0142a ksi\u0119dza(&#8230;)Zgas\u0142a cicho, dusza z cia\u0142a wylecia\u0142a, na zielonej \u0142\u0105ce sta\u0142a. Nie \u017cegnano jej z honorami (&#8230;) Danuta Waniek nie spowi\u0142a si\u0119 w czer\u0144, Nina Terentiew nie omdla\u0142a nad jej grobem, niepocieszony Jan Dworak nie paln\u0105\u0142 sobie w \u0142eb.&#8221;<\/p>\n<p>Ale nieboszczka \u017cyje, budzi si\u0119 ko\u0142o p\u00f3\u0142nocy. &#8222;\u017byje skromnie, za 23 mln rocznie, wida\u0107 i za grosze da si\u0119 zwi\u0105za\u0107 koniec z ko\u0144cem. Zapewnili\u015bmy jej przytuln\u0105 izolatk\u0119(&#8230;)\u017byje rado\u015bnie niczym prowadz\u0105ca teleturniej, spytajcie o\u015bmiuset sze\u015b\u0107dziesi\u0119ciu trzech widz\u00f3w kana\u0142u &#8222;Kultura&#8221; (pe\u0142n\u0105 list\u0119 widz\u00f3w opublikujemy w nast\u0119pnym numerze).&#8221; <\/p>\n","protected":false},"excerpt":{"rendered":"W noworocznym numerze &#8222;Tygodnika Powszechnego&#8221; trzy ciekawe teksty o telewizji. Andrzej Kaczmarczyk w artykule &#8222;O wielu takich, co chcieli ukra\u015b\u0107 telewizj\u0119&#8221; pisze:  &#8222;Jeszcze trzy miesi\u0105ce temu PO i PiS sz\u0142y do wybor\u00f3w, g\u0142osz\u0105c konieczno\u015b\u0107 likwidacji Krajowej Rady Radiofonii i Telewizji. Mia\u0142 to by\u0107 element symbolicznej i faktycznej naprawy pa\u0144stwa. Dzi\u015b Platforma broni status quo, a jej pos\u0142anka z trybuny sejmowej sugeruje, \u017ce sytuacja w KRRiT oraz w mediach publicznych nie jest taka z\u0142a&#8221;","protected":false},"author":1,"featured_media":83045,"comment_status":"open","ping_status":"closed","sticky":false,"template":"","format":"standard","meta":{"csco_display_header_overlay":false,"csco_singular_sidebar":"","csco_page_header_type":"","csco_page_load_nextpost":"","csco_post_video_location":[],"csco_post_video_location_hash":"","csco_post_video_url":"","csco_post_video_bg_start_time":0,"csco_post_video_bg_end_time":0,"footnotes":""},"categories":[9673],"tags":[],"class_list":{"0":"post-83044","1":"post","2":"type-post","3":"status-publish","4":"format-standard","5":"has-post-thumbnail","7":"category-prasa","8":"cs-entry","9":"cs-video-wrap"},"_links":{"self":[{"href":"https:\/\/mediarun.com\/pl\/wp-json\/wp\/v2\/posts\/83044","targetHints":{"allow":["GET"]}}],"collection":[{"href":"https:\/\/mediarun.com\/pl\/wp-json\/wp\/v2\/posts"}],"about":[{"href":"https:\/\/mediarun.com\/pl\/wp-json\/wp\/v2\/types\/post"}],"author":[{"embeddable":true,"href":"https:\/\/mediarun.com\/pl\/wp-json\/wp\/v2\/users\/1"}],"replies":[{"embeddable":true,"href":"https:\/\/mediarun.com\/pl\/wp-json\/wp\/v2\/comments?post=83044"}],"version-history":[{"count":0,"href":"https:\/\/mediarun.com\/pl\/wp-json\/wp\/v2\/posts\/83044\/revisions"}],"wp:featuredmedia":[{"embeddable":true,"href":"https:\/\/mediarun.com\/pl\/wp-json\/wp\/v2\/media\/83045"}],"wp:attachment":[{"href":"https:\/\/mediarun.com\/pl\/wp-json\/wp\/v2\/media?parent=83044"}],"wp:term":[{"taxonomy":"category","embeddable":true,"href":"https:\/\/mediarun.com\/pl\/wp-json\/wp\/v2\/categories?post=83044"},{"taxonomy":"post_tag","embeddable":true,"href":"https:\/\/mediarun.com\/pl\/wp-json\/wp\/v2\/tags?post=83044"}],"curies":[{"name":"wp","href":"https:\/\/api.w.org\/{rel}","templated":true}]}}