{"id":83041,"date":"2005-12-29T02:26:49","date_gmt":"2005-12-29T01:26:49","guid":{"rendered":"https:\/\/mediarun.com\/index.php\/news-posts\/bilans-roku-2005-w-tp\/"},"modified":"2005-12-29T02:26:49","modified_gmt":"2005-12-29T01:26:49","slug":"bilans-roku-2005-w-tp","status":"publish","type":"post","link":"https:\/\/mediarun.com\/pl\/media\/prasa\/bilans-roku-2005-w-tp.html","title":{"rendered":"Bilans roku 2005 w TP"},"content":{"rendered":"<p>&#8222;Do niedawna pogl\u0105d, \u017ce ca\u0142a polityka to bagno, g\u0142osili ludzie gorzej wykszta\u0142ceni(&#8230;). Dzi\u015b trudno doprawdy uwa\u017ca\u0107 inaczej.&#8221; Sergiusz Kowalski &#8211; socjolog, t\u0142umacz i publicysta &#8211; wytyka palcem polskich \u0142obuz\u00f3w &#8211; od tych oczywistych jak Roman Giertych i Andrzej Lepper, poprzez tych, kt\u00f3rzy toruj\u0105 im drog\u0119 do w\u0142adzy, by na Lechu Kaczy\u0144skim, Bronis\u0142awie Wildsteinie i Jacku Kurskim sko\u0144czy\u0107. <\/p>\n<p>Tomasz Potkaj komentuje &#8222;Polsk\u0119 maszeruj\u0105c\u0105&#8221; (omawiaj\u0105c m.in. Parad\u0119 r\u00f3wno\u015bci, lipcowe zamieszki wywo\u0142ane przez g\u00f3rnik\u00f3w, marsz alterglobalist\u00f3w). &#8222;Kto b\u0119dzie demonstrowa\u0142 w obronie demokracji w 2006 r., nie wiadomo. Jednak p\u00f3ki ludziom w og\u00f3le chce si\u0119 publicznie artyku\u0142owa\u0107 swoje pogl\u0105dy, nie jest jeszcze najgorzej.&#8221;<\/p>\n<p>O zmianach w sferze prawnej naszej rzeczywisto\u015bci pisze karnista z UJ &#8211; W\u0142odzimierz Wr\u00f3bel. &#8222;To by\u0142 kolejny rok pog\u0142\u0119biaj\u0105cej si\u0119 inflacji prawa (&#8230;).Nasili\u0142o si\u0119 zamieszanie lustracyjne(&#8230;). Nowe, niekoniecznie lepsze standardy prawne stworzy\u0142y komisje \u015bledcze. Rozgorza\u0142a dyskusja wok\u00f3\u0142 prezydenckiego prawa \u0142aski. Najdotkliwsz\u0105 ofiar\u0105 wojny politycznej sta\u0142y si\u0119 jednak prokuratura i s\u0142u\u017cby specjalne, bezwzgl\u0119dnie wykorzystywane w walce o sukces wyborczy.&#8221;<\/p>\n<p> O mediach jako I w\u0142adzy pisze Rafa\u0142 Szymczak, prezes zarz\u0105du Zwi\u0105zku Firm Public Relations: &#8222;(&#8230;) media wydaj\u0105 si\u0119 by\u0107 kontrolowane s\u0142abiej ni\u017c pozosta\u0142e w\u0142adze, a przecie\u017c istota podzia\u0142u w\u0142adz zasadza si\u0119 na r\u00f3wnowadze osi\u0105gni\u0119tej przez wzajemn\u0105 kontrol\u0119&#8221;. <\/p>\n<p>Robert Gwiazdowski &#8211; prezydent Centrum im. A. Smitha &#8211; analizuje nasz\u0105 sytuacje na rynku surowc\u00f3w naturalnych. W darze od Pana Boga dostali\u015bmy po\u0142o\u017cenie nad Ba\u0142tykiem, dzi\u0119ki kt\u00f3remu zawsze mo\u017cemy rop\u0119 przywie\u017a\u0107, niezale\u017cnie od dzia\u0142a\u0144 politycznych Rosji. Zaleca jednak zapoznanie si\u0119 z nagrodzon\u0105 w tym roku Nagrod\u0105 Nobla teori\u0105 gier \u017ceby wiedzie\u0107 jak z Rosjanami i Niemcami gra\u0107.<\/p>\n<p> Pawe\u0142 Huelle komentuj\u0105c sytuacj\u0119 naszej Rzeczpospolitej Trzeciej i P\u00f3\u0142 oskar\u017ca &#8222;polityk\u00f3w, kt\u00f3rzy sami z siebie dyskredytuj\u0105 historyczne epoki i arbitralnie nadaj\u0105 im nazwy&#8221; o pych\u0119. &#8222;Tylko Bogowie maj\u0105 przywilej zamieniania s\u0142\u00f3w w rzeczywisto\u015b\u0107. Politycy, kt\u00f3rzy o tym zapominaj\u0105 ko\u0144cz\u0105 (&#8230;) jako po\u017cywka kabaretowych skecz\u00f3w.&#8221;<\/p>\n<p>O wymykaj\u0105cych si\u0119 kontroli demokratycznych zmianach na Ukrainie i Bliskim Wschodzie pisz\u0105 kolejno Anna \u0141abuszewska oraz Andrzej Talaga. Pomara\u0144czowa Rewolucja odby\u0142a si\u0119 pomimo ukazanej przez Moskw\u0119 &#8222;twarzy starej rozz\u0142oszczonej wied\u017amy&#8221; a kierunek przemian na Bliskim Wschodzie nie koniecznie odpowiada oczekiwaniom Waszyngtonu. <\/p>\n<p>O tym, co by\u0142o naprawd\u0119 wa\u017cne w czasie tego roku &#8211; okrzykni\u0119tego &#8222;Rokiem Rocznic&#8221; pisze Patrycja Bukalska. (&#8230;) by\u0107 mo\u017ce po raz ostatni mogli\u015bmy obchodzi\u0107 je z udzia\u0142em bohater\u00f3w tamtych dni(..). Coraz mniej jest tych ludzi, kt\u00f3rzy &#8211; bez wzgl\u0119du na to, jak patetycznie by to zabrzmia\u0142o &#8211; mog\u0105 da\u0107 \u015bwiadectwo. Natomiast Tadeusz S\u0142awek zastanawia si\u0119, czy \u015bwi\u0119to &#8222;Solidarno\u015bci&#8221; to rzeczywi\u015bcie powr\u00f3t solidarno\u015bci jako koncepcji wi\u0119zi spo\u0142ecznej.<\/p>\n<p>Nie b\u00f3jmy si\u0119 przyrody. Poznawajmy j\u0105. B\u00f3jmy si\u0119 samych siebie, naszych s\u0142abo\u015bci, uprzedze\u0144, oboj\u0119tno\u015bci. (&#8230;)Nie mo\u017cemy zapobiega\u0107 katastrofom naturalnym, cho\u0107 mo\u017cemy ogranicza\u0107 ich skutki. Wierzmy, \u017ce mo\u017cemy ca\u0142kowicie zapobiega\u0107 &#8222;katastrofom nienaturalnym&#8221; &#8211; tak przed katastrofami, kt\u00f3rymi naznaczony by\u0142 mijaj\u0105cy rok przestrzega astrofizyk &#8211; Stanis\u0142aw Bajtlik.<\/p>\n<p> Olaf Osica pisze o zm\u0119czeniu Europ\u0105 &#8211; zar\u00f3wno polityk\u00f3w, bo przynajmniej po\u0142owa problem\u00f3w wynika\u0142a z ich nieprzemy\u015blanych dzia\u0142a\u0144, obywateli bo \u017cadne z ich \u017c\u0105da\u0144 nie doczeka\u0142o si\u0119 wci\u0105\u017c powa\u017cnej dyskusji oraz komentator\u00f3w i analityk\u00f3w staraj\u0105cych si\u0119 obja\u015bni\u0107 i nada\u0107 sens sporom. O lamentuj\u0105cych, rozpieszczonych i \u017cyj\u0105cych ponad stan Niemcach pisze z Berlina Joachim Trenkner: &#8222;Czego im brakuje to pragmatycznego optymizmu. Taki optymizm nie zmienia wprawdzie od razu rzeczywisto\u015bci, ale pomaga wierzy\u0107 w sens zmian&#8221; &#8211; twierdzi<\/p>\n","protected":false},"excerpt":{"rendered":"W najnowszym numerze &#8222;Tygodnika Powszechnego&#8221; wybitni dziennikarze, publicy\u015bci, arty\u015bci, naukowcy oraz specjali\u015bci z r\u00f3\u017cnych dziedzin komentuj\u0105 miniony rok.","protected":false},"author":1,"featured_media":83042,"comment_status":"open","ping_status":"closed","sticky":false,"template":"","format":"standard","meta":{"csco_display_header_overlay":false,"csco_singular_sidebar":"","csco_page_header_type":"","csco_page_load_nextpost":"","csco_post_video_location":[],"csco_post_video_location_hash":"","csco_post_video_url":"","csco_post_video_bg_start_time":0,"csco_post_video_bg_end_time":0,"footnotes":""},"categories":[9673],"tags":[],"class_list":{"0":"post-83041","1":"post","2":"type-post","3":"status-publish","4":"format-standard","5":"has-post-thumbnail","7":"category-prasa","8":"cs-entry","9":"cs-video-wrap"},"_links":{"self":[{"href":"https:\/\/mediarun.com\/pl\/wp-json\/wp\/v2\/posts\/83041","targetHints":{"allow":["GET"]}}],"collection":[{"href":"https:\/\/mediarun.com\/pl\/wp-json\/wp\/v2\/posts"}],"about":[{"href":"https:\/\/mediarun.com\/pl\/wp-json\/wp\/v2\/types\/post"}],"author":[{"embeddable":true,"href":"https:\/\/mediarun.com\/pl\/wp-json\/wp\/v2\/users\/1"}],"replies":[{"embeddable":true,"href":"https:\/\/mediarun.com\/pl\/wp-json\/wp\/v2\/comments?post=83041"}],"version-history":[{"count":0,"href":"https:\/\/mediarun.com\/pl\/wp-json\/wp\/v2\/posts\/83041\/revisions"}],"wp:featuredmedia":[{"embeddable":true,"href":"https:\/\/mediarun.com\/pl\/wp-json\/wp\/v2\/media\/83042"}],"wp:attachment":[{"href":"https:\/\/mediarun.com\/pl\/wp-json\/wp\/v2\/media?parent=83041"}],"wp:term":[{"taxonomy":"category","embeddable":true,"href":"https:\/\/mediarun.com\/pl\/wp-json\/wp\/v2\/categories?post=83041"},{"taxonomy":"post_tag","embeddable":true,"href":"https:\/\/mediarun.com\/pl\/wp-json\/wp\/v2\/tags?post=83041"}],"curies":[{"name":"wp","href":"https:\/\/api.w.org\/{rel}","templated":true}]}}