{"id":83039,"date":"2005-12-29T02:35:50","date_gmt":"2005-12-29T01:35:50","guid":{"rendered":"https:\/\/mediarun.com\/index.php\/news-posts\/tvp-zadowolona-z-miasta-marzen\/"},"modified":"2005-12-29T02:35:50","modified_gmt":"2005-12-29T01:35:50","slug":"tvp-zadowolona-z-miasta-marzen","status":"publish","type":"post","link":"https:\/\/mediarun.com\/pl\/media\/tv\/tvp-zadowolona-z-miasta-marzen.html","title":{"rendered":"TVP zadowolona z Miasta marze\u0144"},"content":{"rendered":"<p>W Lesku bohaterowie Pawe\u0142 Stefa\u0144ski (otworzy\u0142 sklep z militariami), J\u00f3zef Ogarek (otrzyma\u0142 prac\u0119 poprzez internet w MASTERLINK&#8217;u), Dariusz Prorok (otrzyma\u0142 zapomog\u0119 i otworzy\u0142 sklep) i Krzysztof Bros (najbardziej kontrowersyjna posta\u0107 projektu) zawdzi\u0119czaj\u0105 programowi Jedynki odmian\u0119 swojego losu. Sami dostali prac\u0119 i chc\u0105 tworzy\u0107 miejsca pracy dla innych, stali si\u0119 otwarci na pomoc drugiemu. <\/p>\n<p>W Czaplinku bohaterowie S\u0142awek Kucharski (fryzjer), Alina Karolewicz (nauczycielka, pasjonuje si\u0119 kultur\u0105 pogranicza) i Marika (nastolatka, kt\u00f3ra chcia\u0142a zosta\u0107 modelk\u0105) odkryli, \u017ce ich pasje zawodowe i \u017cyciowe mo\u017cna rozwija\u0107. Program otworzy\u0142 im oczy na \u015bwiat, stali si\u0119 liderami we w\u0142asnym otoczeniu. <\/p>\n<p>Bartosz Skiba z Redakcji Publicystyki i Widowisk Spo\u0142ecznych Programu 1 podkre\u015bla: W Lesku dokonuj\u0105 si\u0119 przeobra\u017cenia, kt\u00f3re przed rozpocz\u0119ciem &#8222;Miasta marze\u0144&#8221; by\u0142y trudne do wyobra\u017cenia. Jeszcze rok temu tematem tabu by\u0142y kwestie polsko-ukrai\u0144sko-\u017cydowskie. Dzi\u015b po roku miasto uwa\u017ca, \u017ce to jest ich szansa. To w Lesku i okolicach mo\u017cna pozna\u0107 te kultury, \u015bwiadectwa historii s\u0105 widocznie wsz\u0119dzie. Burmistrz przyzna\u0142, \u017ce przez ca\u0142y czas emisji programu w urz\u0119dzie miasta zastanawiano si\u0119, co takiego wyr\u00f3\u017cnia Lesko. Doszli do wniosku, \u017ce wielokulturowo\u015b\u0107 tych teren\u00f3w. Lesko w trakcie &#8222;Miasta marze\u0144&#8221; opracowa\u0142o i otrzyma\u0142o pomoc z funduszy unijnych w wysoko\u015bci 2,5 miliona euro (10 mln z\u0142). Bud\u017cet miasta to 17 mln z\u0142. <\/p>\n<p>W Czaplinku w ostatnim roku bezrobocie spad\u0142o o ponad 5% (z 25,2% do 20%). Wytyczono szlak papieski na rzece Drawie. Rozpocz\u0119to budow\u0119 zak\u0142adu, kt\u00f3ry w pierwszym etapie zatrudni 20 os\u00f3b, a docelowo 200-300. Zak\u0142ad b\u0119dzie produkowa\u0142 elementy do statk\u00f3w morskich. Czaplinek otrzyma\u0142 40 tysi\u0119cy euro od euroregionu Pomerania na wprowadzenie nowego logo &#8222;zwolnij Czaplinek &#8211; strefa wolnego czasu&#8221;, kt\u00f3ry zosta\u0142 opracowany w programie &#8222;Miasto marze\u0144&#8221;. <\/p>\n<p>Bohaterowie programu pomagali sobie nawzajem. Dotyczy\u0142o to poszukiwania pracy, radzenia sobie z dokumentami urz\u0119dowymi. Projekt ukaza\u0142, \u017ce nadal wiele zale\u017cy od dobrej woli &#8222;biurokrat\u00f3w&#8221;. Tylko dzi\u0119ki kamerze Pawe\u0142 Stefa\u0144ski otrzyma\u0142 informacje z urz\u0119du pracy, kt\u00f3re pozwoli\u0142y mu na za\u0142o\u017cenie w\u0142asnego sklepu. Op\u00f3r urz\u0119dnik\u00f3w to najwi\u0119ksza bol\u0105czka zwyk\u0142ych obywateli, kt\u00f3rzy poszukuj\u0105 rady i wsparcia. <\/p>\n<p>Genowefa Polak &#8211; przewodnicz\u0105ca Rady Miasta Czaplinek postawi\u0142a sobie za punkt honoru wybudowanie domu dla Agnieszki Hajdukiewicz. <\/p>\n<p>Agnieszka Hajdukiewicz to siedmioletnia dziewczynka, kt\u00f3ra urodzi\u0142a si\u0119 bez n\u00f3g i bez lewej r\u0119ki, a w prawej r\u0119ce ma tylko trzy palce. Agnieszka i czworo jej rodze\u0144stwa s\u0105 sierotami. Po \u015bmierci matki w 2000 roku opiek\u0119 nad wszystkimi dzie\u0107mi obj\u0119\u0142a ich ciotka. Agnieszka nieustannie otrzymuje pomoc od ludzi dobrej woli. Dzi\u0119ki takiej pomocy otrzyma\u0142a w\u00f3zek dla os\u00f3b niepe\u0142nosprawnych i mog\u0142a wyjecha\u0107 do niemieckiej kliniki, gdzie otrzyma\u0142a protezy. Wyjazd sta\u0142 si\u0119 mo\u017cliwy dzi\u0119ki pomocy mieszka\u0144c\u00f3w Czaplinka oraz spo\u0142eczno\u015bci z Bad Schwartau ko\u0142o Hanoweru (kt\u00f3re jest partnerskim miastem dla Czaplinka). W czasie emisji telenoweli pokazywali\u015bmy konto &#8222;Dom dla Agnieszki&#8221;. Okaza\u0142o si\u0119, \u017ce widzowie wp\u0142acili oko\u0142o 40 tysi\u0119cy. Z Czaplinka wp\u0142aci\u0142y tylko trzy osoby. Tragiczny los ma\u0142ej dziewczynki nie pobudzi\u0142 widz\u00f3w do wsparcia pomys\u0142u budowy domu. Genowefa Polak dotar\u0142a do firm, kt\u00f3re przeznaczy\u0142y materia\u0142y budowlane. Obecnie dom znajduje si\u0119 w stanie surowym. TVP chc\u0105c przy\u015bpieszy\u0107 realizacj\u0119 tej inwestycji przeznaczy\u0142a darowizn\u0119 w wysoko\u015bci 50 tys. z\u0142 na konto Stowarzyszenia Kiwanis, kt\u00f3re sprawuje nadz\u00f3r nad budow\u0105 &#8222;Domu dla Agnieszki&#8221;. <\/p>\n<p>Bartosz Skiba dodaje: Bardzo ciekawym bohaterem &#8222;Miasta marze\u0144&#8221; okaza\u0142a si\u0119 Alicja Karolewicz z Czaplinka. Nauczycielka z pasj\u0105, kultywuj\u0105ca tradycje przesiedle\u0144c\u00f3w z kres\u00f3w II Rzeczypospolitej sta\u0142a si\u0119 wielkim odkryciem. Dzi\u015b jest zapraszana do wielu miast w Polsce, przez \u015brodowiska, kt\u00f3re chc\u0105 zachowa\u0107 pami\u0119\u0107 o wielokulturowo\u015bci dawnej Rzeczypospolitej. Nale\u017cy zaznaczy\u0107, \u017ce mieszka\u0144cy Czaplinka to przesiedle\u0144cy z kres\u00f3w i ich potomkowie. W trakcie programu Alicja Karolewicz zorganizowa\u0142a wycieczk\u0119 na Bia\u0142oru\u015b, do rodzinnych stron mieszka\u0144c\u00f3w Czaplinka. <\/p>\n<p>TVP1 b\u0119dzie w swoich programach powraca\u0142a do sprawy budowy domu dla Agnieszki, a tak\u017ce los\u00f3w innych bohater\u00f3w &#8222;Miasta marze\u0144&#8221;. M.in. problemy te zostan\u0105 poruszone w dw\u00f3ch wydaniach programu &#8222;Kawa czy herbata&#8221; (29 grudnia z Leska, a 30 grudnia z Czaplinka). <\/p>\n","protected":false},"excerpt":{"rendered":"Emitowany od marca do pocz\u0105tku wrze\u015bnia w TVP1 program &#8222;Miasto marze\u0144&#8221; okaza\u0142 si\u0119 do\u015b\u0107 kontrowersyjny i mia\u0142 mniejsz\u0105 widowni\u0119 ni\u017c si\u0119 spodziewano. Jednak w opinii Redakcji Publicystyki i Widowisk Spo\u0142ecznych TVP1 program przyczyni\u0142 si\u0119 do wielu pozytywnych zmian w Lesku i Czaplinku. Mo\u017cna je wymieni\u0107 w 3 kategoriach.","protected":false},"author":1,"featured_media":83040,"comment_status":"open","ping_status":"closed","sticky":false,"template":"","format":"standard","meta":{"csco_display_header_overlay":false,"csco_singular_sidebar":"","csco_page_header_type":"","csco_page_load_nextpost":"","csco_post_video_location":[],"csco_post_video_location_hash":"","csco_post_video_url":"","csco_post_video_bg_start_time":0,"csco_post_video_bg_end_time":0,"footnotes":""},"categories":[9670],"tags":[],"class_list":{"0":"post-83039","1":"post","2":"type-post","3":"status-publish","4":"format-standard","5":"has-post-thumbnail","7":"category-tv","8":"cs-entry","9":"cs-video-wrap"},"_links":{"self":[{"href":"https:\/\/mediarun.com\/pl\/wp-json\/wp\/v2\/posts\/83039","targetHints":{"allow":["GET"]}}],"collection":[{"href":"https:\/\/mediarun.com\/pl\/wp-json\/wp\/v2\/posts"}],"about":[{"href":"https:\/\/mediarun.com\/pl\/wp-json\/wp\/v2\/types\/post"}],"author":[{"embeddable":true,"href":"https:\/\/mediarun.com\/pl\/wp-json\/wp\/v2\/users\/1"}],"replies":[{"embeddable":true,"href":"https:\/\/mediarun.com\/pl\/wp-json\/wp\/v2\/comments?post=83039"}],"version-history":[{"count":0,"href":"https:\/\/mediarun.com\/pl\/wp-json\/wp\/v2\/posts\/83039\/revisions"}],"wp:featuredmedia":[{"embeddable":true,"href":"https:\/\/mediarun.com\/pl\/wp-json\/wp\/v2\/media\/83040"}],"wp:attachment":[{"href":"https:\/\/mediarun.com\/pl\/wp-json\/wp\/v2\/media?parent=83039"}],"wp:term":[{"taxonomy":"category","embeddable":true,"href":"https:\/\/mediarun.com\/pl\/wp-json\/wp\/v2\/categories?post=83039"},{"taxonomy":"post_tag","embeddable":true,"href":"https:\/\/mediarun.com\/pl\/wp-json\/wp\/v2\/tags?post=83039"}],"curies":[{"name":"wp","href":"https:\/\/api.w.org\/{rel}","templated":true}]}}