{"id":83030,"date":"2005-12-29T03:05:39","date_gmt":"2005-12-29T02:05:39","guid":{"rendered":"https:\/\/mediarun.com\/index.php\/news-posts\/walendziak-nie-chce-do-tvp\/"},"modified":"2005-12-29T03:05:39","modified_gmt":"2005-12-29T02:05:39","slug":"walendziak-nie-chce-do-tvp","status":"publish","type":"post","link":"https:\/\/mediarun.com\/pl\/media\/tv\/walendziak-nie-chce-do-tvp.html","title":{"rendered":"Walendziak nie chce do TVP"},"content":{"rendered":"<p>&#8211; Nowych pi\u0119ciu cz\u0142onk\u00f3w Rady (po dw\u00f3ch zg\u0142aszaj\u0105 prezydent i Sejm, jednego Senat) musi zosta\u0107 wybranych &#8222;niezw\u0142ocznie&#8221;, czyli zaraz po Nowym Roku. Najprawdopodobniej trzy miejsca dostanie PiS, a po jednym LPR i Samoobrona, kt\u00f3re pomog\u0142y partii braci Kaczy\u0144skich przepchn\u0105\u0107 t\u0119 ustaw\u0119 przez parlament w ekspresowym tempie. Ta pi\u0105tka na wiosn\u0119 wybierze nowe rady nadzorcze medi\u00f3w publicznych, a te ich zarz\u0105dy. &#8211; czytamy w &#8222;Gazecie Wyborczej&#8221;<\/p>\n<p>Jak informuje dziennik &#8222;najpowa\u017cniejszym kandydatem na szefa TVP jest Wojciech Pawlak (kiedy\u015b pracowa\u0142 w OBOP, potem w telewizji Polsat). Ju\u017c przed \u015bwi\u0119tami partia braci Kaczy\u0144skich z\u0142o\u017cy\u0142a mu t\u0119 propozycj\u0119, ale odm\u00f3wi\u0142.&#8221; Z nieoficjalnych informacji &#8222;Gazety Wyborczej&#8221; wynika, \u017ce wci\u0105\u017c trwa namawianie Pawlaka do obj\u0119cia fotela prezesa TVP.<\/p>\n<p>&#8211; Je\u015bli jednak si\u0119 nie zgodzi, PiS to stanowisko chce zaproponowa\u0107 Januszowi Pietkiewiczowi, dyrektorowi Biura Teatru i Muzyki w warszawskim ratuszu (czyli bliskiemu wsp\u00f3\u0142pracownikowi obecnego prezydenta i szefa jego kancelarii Andrzeja Urba\u0144skiego). &#8211; pisze &#8222;Gazeta Wyborcza&#8221;<\/p>\n<p>Wcze\u015bniej typowano te\u017c Wies\u0142awa Walendziaka. By\u0142y pose\u0142 PiS-u, obecnie pracuj\u0105cy na rzecz uruchomienia POT zapewni\u0142 jednak dziennikarzy, \u017ce nie jest zainteresowany stanowiskiem szefa TVP. Walendziaka wymienia si\u0119 w kuluarach na potencjalnego nast\u0119pc\u0119 Marcinkiewicza, na wypadek gdyby ten straci\u0142 na popularno\u015bci. <\/p>\n","protected":false},"excerpt":{"rendered":"Rz\u0105dz\u0105cy PiS szuka ludzi, kt\u00f3rzy wejd\u0105 w sk\u0142ad nowych zarz\u0105d\u00f3w medi\u00f3w publicznych. Na nast\u0119pc\u0119 Dworaka typowani s\u0105 &#8211; wed\u0142ug &#8222;Gazety Wyborczej&#8221; Wojciech Pawlak i Janusz Pietkiewicz. Wies\u0142aw Walendziak nie jest zainteresowany fotelem prezesa.","protected":false},"author":1,"featured_media":83031,"comment_status":"open","ping_status":"closed","sticky":false,"template":"","format":"standard","meta":{"csco_display_header_overlay":false,"csco_singular_sidebar":"","csco_page_header_type":"","csco_page_load_nextpost":"","csco_post_video_location":[],"csco_post_video_location_hash":"","csco_post_video_url":"","csco_post_video_bg_start_time":0,"csco_post_video_bg_end_time":0,"footnotes":""},"categories":[9670],"tags":[],"class_list":{"0":"post-83030","1":"post","2":"type-post","3":"status-publish","4":"format-standard","5":"has-post-thumbnail","7":"category-tv","8":"cs-entry","9":"cs-video-wrap"},"_links":{"self":[{"href":"https:\/\/mediarun.com\/pl\/wp-json\/wp\/v2\/posts\/83030","targetHints":{"allow":["GET"]}}],"collection":[{"href":"https:\/\/mediarun.com\/pl\/wp-json\/wp\/v2\/posts"}],"about":[{"href":"https:\/\/mediarun.com\/pl\/wp-json\/wp\/v2\/types\/post"}],"author":[{"embeddable":true,"href":"https:\/\/mediarun.com\/pl\/wp-json\/wp\/v2\/users\/1"}],"replies":[{"embeddable":true,"href":"https:\/\/mediarun.com\/pl\/wp-json\/wp\/v2\/comments?post=83030"}],"version-history":[{"count":0,"href":"https:\/\/mediarun.com\/pl\/wp-json\/wp\/v2\/posts\/83030\/revisions"}],"wp:featuredmedia":[{"embeddable":true,"href":"https:\/\/mediarun.com\/pl\/wp-json\/wp\/v2\/media\/83031"}],"wp:attachment":[{"href":"https:\/\/mediarun.com\/pl\/wp-json\/wp\/v2\/media?parent=83030"}],"wp:term":[{"taxonomy":"category","embeddable":true,"href":"https:\/\/mediarun.com\/pl\/wp-json\/wp\/v2\/categories?post=83030"},{"taxonomy":"post_tag","embeddable":true,"href":"https:\/\/mediarun.com\/pl\/wp-json\/wp\/v2\/tags?post=83030"}],"curies":[{"name":"wp","href":"https:\/\/api.w.org\/{rel}","templated":true}]}}