{"id":83022,"date":"2005-12-29T06:00:00","date_gmt":"2005-12-29T05:00:00","guid":{"rendered":"https:\/\/mediarun.com\/index.php\/news-posts\/w-ozonie-bez-zmian\/"},"modified":"2005-12-29T06:00:00","modified_gmt":"2005-12-29T05:00:00","slug":"w-ozonie-bez-zmian","status":"publish","type":"post","link":"https:\/\/mediarun.com\/pl\/media\/prasa\/w-ozonie-bez-zmian.html","title":{"rendered":"W Ozonie bez zmian?"},"content":{"rendered":"<p><P>w \u015brod\u0119 PAP prezes zarz\u0105du sp\u00f3\u0142ki Micha\u0142 Je\u017cewski.<\/P><br \/>\n<P>&#8211; Udzia\u0142owcy postanowili kontynuowa\u0107 dzia\u0142alno\u015b\u0107 sp\u00f3\u0142ki. B\u0119dziemy normalnie wydawa\u0107 tygodnik. W tym czasie nadal b\u0119dzie poszukiwany inwestor &#8211; powiedzia\u0142 Je\u017cewski. Je\u017cewski wyja\u015bni\u0142, \u017ce dofinansowanie sp\u00f3\u0142ki na pocz\u0105tku wyniesie 550 tys. z\u0142, a 13 stycznia ma zapa\u015b\u0107 decyzja o dokapitalizowaniu w wysoko\u015bci 7,5 mln z\u0142. <\/P><br \/>\n<P>Wi\u0119kszo\u015b\u0107 udzia\u0142\u00f3w w sp\u00f3\u0142ce (63 proc.) ma pose\u0142 Platformy Obywatelskiej Janusz Palikot; pozosta\u0142e udzia\u0142y dzieli mi\u0119dzy siebie dziewi\u0119ciu mniejszo\u015bciowych w\u0142a\u015bcicieli. W \u015brod\u0119 odby\u0142a si\u0119 druga cz\u0119\u015b\u0107 walnego zgromadzenia udzia\u0142owc\u00f3w. Prezes sp\u00f3\u0142ki wyja\u015bni\u0142 w rozmowie z PAP, \u017ce charakter pisma zostaje zachowany. &#8211; Nic si\u0119 zasadniczo nie zmienia, ani na stanowiskach, ani w charakterze pisma &#8211; zapewni\u0142 Je\u017cewski. Redaktorem naczelnym tygodnika jest Grzegorz G\u00f3rny.<\/P><br \/>\n<P>Na pocz\u0105tku grudnia poinformowano, \u017ce udzia\u0142owcy sp\u00f3\u0142ki Ozon Media szukaj\u0105 dla niej nowego inwestora. Negocjacje mia\u0142y by\u0107 prowadzone z dwoma potencjalnymi inwestorami.<\/P><\/p>\n","protected":false},"excerpt":{"rendered":"Sp\u00f3\u0142ka Ozon Media, wydawca tygodnika Ozon, b\u0119dzie dokapitalizowana przez jej udzia\u0142owc\u00f3w. Tygodnik nadal b\u0119dzie wydawany &#8211; poinformowa\u0142&#8230;","protected":false},"author":1,"featured_media":83023,"comment_status":"open","ping_status":"closed","sticky":false,"template":"","format":"standard","meta":{"csco_display_header_overlay":false,"csco_singular_sidebar":"","csco_page_header_type":"","csco_page_load_nextpost":"","csco_post_video_location":[],"csco_post_video_location_hash":"","csco_post_video_url":"","csco_post_video_bg_start_time":0,"csco_post_video_bg_end_time":0,"footnotes":""},"categories":[9673],"tags":[],"class_list":{"0":"post-83022","1":"post","2":"type-post","3":"status-publish","4":"format-standard","5":"has-post-thumbnail","7":"category-prasa","8":"cs-entry","9":"cs-video-wrap"},"_links":{"self":[{"href":"https:\/\/mediarun.com\/pl\/wp-json\/wp\/v2\/posts\/83022","targetHints":{"allow":["GET"]}}],"collection":[{"href":"https:\/\/mediarun.com\/pl\/wp-json\/wp\/v2\/posts"}],"about":[{"href":"https:\/\/mediarun.com\/pl\/wp-json\/wp\/v2\/types\/post"}],"author":[{"embeddable":true,"href":"https:\/\/mediarun.com\/pl\/wp-json\/wp\/v2\/users\/1"}],"replies":[{"embeddable":true,"href":"https:\/\/mediarun.com\/pl\/wp-json\/wp\/v2\/comments?post=83022"}],"version-history":[{"count":0,"href":"https:\/\/mediarun.com\/pl\/wp-json\/wp\/v2\/posts\/83022\/revisions"}],"wp:featuredmedia":[{"embeddable":true,"href":"https:\/\/mediarun.com\/pl\/wp-json\/wp\/v2\/media\/83023"}],"wp:attachment":[{"href":"https:\/\/mediarun.com\/pl\/wp-json\/wp\/v2\/media?parent=83022"}],"wp:term":[{"taxonomy":"category","embeddable":true,"href":"https:\/\/mediarun.com\/pl\/wp-json\/wp\/v2\/categories?post=83022"},{"taxonomy":"post_tag","embeddable":true,"href":"https:\/\/mediarun.com\/pl\/wp-json\/wp\/v2\/tags?post=83022"}],"curies":[{"name":"wp","href":"https:\/\/api.w.org\/{rel}","templated":true}]}}