{"id":8302,"date":"2012-02-17T12:48:24","date_gmt":"2012-02-17T11:48:24","guid":{"rendered":"https:\/\/mediarun.com\/index.php\/news-posts\/rafal-szymczak-nowym-prezesem-zfpr\/"},"modified":"2012-02-17T12:48:24","modified_gmt":"2012-02-17T11:48:24","slug":"rafal-szymczak-nowym-prezesem-zfpr","status":"publish","type":"post","link":"https:\/\/mediarun.com\/pl\/marketing\/pr\/rafal-szymczak-nowym-prezesem-zfpr.html","title":{"rendered":"Rafa\u0142 Szymczak nowym prezesem ZFPR"},"content":{"rendered":"<p>Przedstawiciele agencji cz\u0142onkowskich powierzyli funkcj\u0119 prezesa ZFPR Rafa\u0142owi Szymczakowi. Na Wiceprezes&oacute;w powo\u0142ano Joann\u0119 Delbar, Juli\u0119 Kozak oraz Norberta Ofma\u0144skiego. Kadencja Zarz\u0105du trwa dwa lata.<\/p>\n<p>Cz\u0142onkowie poprzedniego Zarz\u0105du ZFPR: Pawe\u0142 Trochimiuk &#8211; prezes, Katarzyna Przewuska, Mariusz Pleban i Sebastian Hejnowski &#8211; wiceprezesi nie kandydowali na kolejn\u0105 kadencj\u0119. W czasie obrad ust\u0119puj\u0105cy Zarz\u0105d przedstawi\u0142 sprawozdanie z dzia\u0142alno\u015bci Zwi\u0105zku w 2011 roku i na wniosek Rady ZFPR, uchwa\u0142\u0105 Walnego Zgromadzenia, jednog\u0142o\u015bnie otrzyma\u0142 absolutorium.<\/p>\n<p>Oceniaj\u0105c prace Zarz\u0105du ZFPR szczeg&oacute;ln\u0105 uwag\u0119 zwr&oacute;cono na:<br \/>&bull; Przyj\u0119cie do Zwi\u0105zku czterech nowych cz\u0142onk&oacute;w, licz\u0105cych si\u0119 na rynku agencji PR. <br \/>&bull; Rozw&oacute;j  konkursu &bdquo;Z\u0142ote Spinacze&#8221;, do kt&oacute;rego w 2011 roku wp\u0142yn\u0119\u0142a rekordowa liczba 178 zg\u0142osze\u0144. Konkurs zwi\u0119kszy\u0142 r&oacute;wnie\u017c liczb\u0119 kategorii do dziewi\u0119tnastu: szesna\u015bcie g\u0142&oacute;wnych i trzy specjalne.  <br \/>&bull; Podj\u0119cie si\u0119 przez ZFPR wsp&oacute;\u0142organizacji drugiego spotkania bran\u017cy PR <br \/>&#8211; Kongresu Profesjonalist&oacute;w we Wroc\u0142awiu.<br \/>&bull; Wydanie drugiej poszerzonej edycji ksi\u0105\u017cki &#8222;Sztuka Public Relations. Z do\u015bwiadcze\u0144 polskich praktyk&oacute;w&#8221;. Przygotowanie i wydanie pierwszej na polskim rynku publikacji prezentuj\u0105cej najbardziej uznane projekty PR nagrodzone w konkursie Z\u0142ote Spinacze &#8211; &#8222;Praktycznie o PR&#8221;.<\/p>\n<p>Walne Zgromadzenie Cz\u0142onk&oacute;w wybra\u0142o r&oacute;wnie\u017c trzech nowych reprezentant&oacute;w Zwi\u0105zku, kt&oacute;rzy wejd\u0105 w sk\u0142ad Rady Etyki PR: Ann\u0119 Krajewsk\u0105, Anit\u0119 Zdrojewsk\u0105 i Paw\u0142a Grabowskiego.<\/p>\n<p>&#8211; W zesz\u0142ej kadencji Zarz\u0105d ZFPR zrealizowa\u0142 wiele wa\u017cnych i potrzebnych bran\u017cy inicjatyw. Jest dla mnie oczywiste, \u017ce najbli\u017csze lata b\u0119d\u0105 dla PR nie\u0142atwe, chocia\u017cby ze wzgl\u0119du na nadchodz\u0105c\u0105 dekad\u0119 niskiego wzrostu w gospodarce europejskiej i kryzys w mediach. Bran\u017ca b\u0119dzie w stanie wyj\u015b\u0107 z tej sytuacji z tarcz\u0105, je\u015bli b\u0119dzie dostarcza\u0107 dobrej jako\u015bci us\u0142ugi doradcze i wykazywa\u0107 ich warto\u015b\u0107 &#8211; powiedzia\u0142 Rafa\u0142 Szymczak, nowy prezes ZFPR.<\/p>\n<p>Nowy Zarz\u0105d ZFPR rozpocznie prac\u0119 21 lutego, po oficjalnym przekazaniu obowi\u0105zk&oacute;w przez ust\u0119puj\u0105ce w\u0142adze.<\/p>\n","protected":false},"excerpt":{"rendered":"16 lutego 2012 roku odby\u0142o si\u0119 Walne Zgromadzenie Cz\u0142onk&oacute;w Zwi\u0105zku Firm Public Relations podczas kt&oacute;rego wybrano nowe w\u0142adze.","protected":false},"author":1,"featured_media":8303,"comment_status":"open","ping_status":"closed","sticky":false,"template":"","format":"standard","meta":{"csco_display_header_overlay":false,"csco_singular_sidebar":"","csco_page_header_type":"","csco_page_load_nextpost":"","csco_post_video_location":[],"csco_post_video_location_hash":"","csco_post_video_url":"","csco_post_video_bg_start_time":0,"csco_post_video_bg_end_time":0,"footnotes":""},"categories":[9648],"tags":[1105],"class_list":{"0":"post-8302","1":"post","2":"type-post","3":"status-publish","4":"format-standard","5":"has-post-thumbnail","7":"category-pr","8":"tag-zfpr","9":"cs-entry","10":"cs-video-wrap"},"_links":{"self":[{"href":"https:\/\/mediarun.com\/pl\/wp-json\/wp\/v2\/posts\/8302","targetHints":{"allow":["GET"]}}],"collection":[{"href":"https:\/\/mediarun.com\/pl\/wp-json\/wp\/v2\/posts"}],"about":[{"href":"https:\/\/mediarun.com\/pl\/wp-json\/wp\/v2\/types\/post"}],"author":[{"embeddable":true,"href":"https:\/\/mediarun.com\/pl\/wp-json\/wp\/v2\/users\/1"}],"replies":[{"embeddable":true,"href":"https:\/\/mediarun.com\/pl\/wp-json\/wp\/v2\/comments?post=8302"}],"version-history":[{"count":0,"href":"https:\/\/mediarun.com\/pl\/wp-json\/wp\/v2\/posts\/8302\/revisions"}],"wp:featuredmedia":[{"embeddable":true,"href":"https:\/\/mediarun.com\/pl\/wp-json\/wp\/v2\/media\/8303"}],"wp:attachment":[{"href":"https:\/\/mediarun.com\/pl\/wp-json\/wp\/v2\/media?parent=8302"}],"wp:term":[{"taxonomy":"category","embeddable":true,"href":"https:\/\/mediarun.com\/pl\/wp-json\/wp\/v2\/categories?post=8302"},{"taxonomy":"post_tag","embeddable":true,"href":"https:\/\/mediarun.com\/pl\/wp-json\/wp\/v2\/tags?post=8302"}],"curies":[{"name":"wp","href":"https:\/\/api.w.org\/{rel}","templated":true}]}}