{"id":83002,"date":"2005-12-29T11:54:34","date_gmt":"2005-12-29T10:54:34","guid":{"rendered":"https:\/\/mediarun.com\/index.php\/news-posts\/ustawa-medialna-przyjeta\/"},"modified":"2005-12-29T11:54:34","modified_gmt":"2005-12-29T10:54:34","slug":"ustawa-medialna-przyjeta","status":"publish","type":"post","link":"https:\/\/mediarun.com\/pl\/media\/tv\/ustawa-medialna-przyjeta.html","title":{"rendered":"Ustawa medialna przyj\u0119ta"},"content":{"rendered":"<p>RMF FM informuje na swojej stronie internetowej, \u017ce w nowych przepisach znalaz\u0142 si\u0119 zar\u00f3wno m\u0119tny zapis o podtrzymywaniu przez KRRiT etyki dziennikarskiej, jak i w\u0105tpliwy konstytucyjnie przepis o szczeg\u00f3lnym traktowaniu nadawc\u00f3w spo\u0142ecznych. <\/p>\n<p>Dlatego te\u017c Platforma Obywatelska i SLD przygotowuj\u0105 ju\u017c wnioski zarzucaj\u0105ce ustawie niekonstytucyjno\u015b\u0107. Zdaniem Sojuszu zmiana prawa bezsprzecznie ogranicza swobod\u0119 medi\u00f3w. &#8211; To ustawa kaga\u0144cowa &#8211; m\u00f3wi pose\u0142 Gadzinowski. Najpierw jest to kaganiec na media publiczne, a potem na media komercyjne. Wszak wszystkie poddane s\u0105 w\u0142adzy Krajowej Rady &#8211; dodaje, a wi\u0119kszo\u015b\u0107 w niej b\u0119d\u0105 teraz mieli ludzie PiS-u.<\/p>\n<p>Platforma podkre\u015bla te\u017c uprzywilejowanie przy przyznawaniu koncesji tzw. nadawc\u00f3w spo\u0142ecznych. &#8211; Nie mo\u017ce tak by\u0107 &#8211; nawet, je\u015bli nadawcy spo\u0142eczni byliby bardzo, bardzo zas\u0142u\u017ceni &#8211; aby nast\u0119powa\u0142o zr\u00f3\u017cnicowanie podmiot\u00f3w w dost\u0119pie do koncesji &#8211; dodaje Iwona \u015aledzi\u0144ska-Katarasi\u0144ska. A to sprzeczne z konstytucyjn\u0105 zasad\u0105 r\u00f3wno\u015bci i Trybuna\u0142 nie mo\u017ce tego podtrzyma\u0107 &#8211; podkre\u015bla. <\/p>\n<p>Ustawa medialna najpewniej jeszcze w czwartek trafi do prezydenta i b\u0119dzie pierwsz\u0105 podpisan\u0105 przez Lecha Kaczy\u0144skiego. Nowa, 5-osobowa Rada powstanie w styczniu.<\/p>\n","protected":false},"excerpt":{"rendered":"Ustawa medialna zosta\u0142a przyj\u0119ta. Sejm ostatecznie zaakceptowa\u0142 projekt ograniczenia liczby cz\u0142onk\u00f3w Krajowej Rady Radiofonii i Telewizji z 9 do 5. Opozycja ju\u017c zapowiada skierowanie ustawy do Trybuna\u0142u Konstytucyjnego. Ustaw\u0119 przeforsowa\u0142 klub Prawa i Sprawiedliwo\u015bci w sojuszu z LPR i Samoobron\u0105.","protected":false},"author":1,"featured_media":83003,"comment_status":"open","ping_status":"closed","sticky":false,"template":"","format":"standard","meta":{"csco_display_header_overlay":false,"csco_singular_sidebar":"","csco_page_header_type":"","csco_page_load_nextpost":"","csco_post_video_location":[],"csco_post_video_location_hash":"","csco_post_video_url":"","csco_post_video_bg_start_time":0,"csco_post_video_bg_end_time":0,"footnotes":""},"categories":[9670],"tags":[],"class_list":{"0":"post-83002","1":"post","2":"type-post","3":"status-publish","4":"format-standard","5":"has-post-thumbnail","7":"category-tv","8":"cs-entry","9":"cs-video-wrap"},"_links":{"self":[{"href":"https:\/\/mediarun.com\/pl\/wp-json\/wp\/v2\/posts\/83002","targetHints":{"allow":["GET"]}}],"collection":[{"href":"https:\/\/mediarun.com\/pl\/wp-json\/wp\/v2\/posts"}],"about":[{"href":"https:\/\/mediarun.com\/pl\/wp-json\/wp\/v2\/types\/post"}],"author":[{"embeddable":true,"href":"https:\/\/mediarun.com\/pl\/wp-json\/wp\/v2\/users\/1"}],"replies":[{"embeddable":true,"href":"https:\/\/mediarun.com\/pl\/wp-json\/wp\/v2\/comments?post=83002"}],"version-history":[{"count":0,"href":"https:\/\/mediarun.com\/pl\/wp-json\/wp\/v2\/posts\/83002\/revisions"}],"wp:featuredmedia":[{"embeddable":true,"href":"https:\/\/mediarun.com\/pl\/wp-json\/wp\/v2\/media\/83003"}],"wp:attachment":[{"href":"https:\/\/mediarun.com\/pl\/wp-json\/wp\/v2\/media?parent=83002"}],"wp:term":[{"taxonomy":"category","embeddable":true,"href":"https:\/\/mediarun.com\/pl\/wp-json\/wp\/v2\/categories?post=83002"},{"taxonomy":"post_tag","embeddable":true,"href":"https:\/\/mediarun.com\/pl\/wp-json\/wp\/v2\/tags?post=83002"}],"curies":[{"name":"wp","href":"https:\/\/api.w.org\/{rel}","templated":true}]}}