{"id":82997,"date":"2005-12-29T18:32:08","date_gmt":"2005-12-29T17:32:08","guid":{"rendered":"https:\/\/mediarun.com\/index.php\/news-posts\/ozon-nie-zniknie-z-rynku-2\/"},"modified":"2005-12-29T18:32:08","modified_gmt":"2005-12-29T17:32:08","slug":"ozon-nie-zniknie-z-rynku-2","status":"publish","type":"post","link":"https:\/\/mediarun.com\/pl\/media\/prasa\/ozon-nie-zniknie-z-rynku-2.html","title":{"rendered":"&#8222;Ozon&#8221; nie zniknie z rynku"},"content":{"rendered":"<p>Jak poinformowa\u0142 Micha\u0142 Je\u017cewski, prezes zarz\u0105du sp\u00f3\u0142ki, na pocz\u0105tku dofinansowanie wyniesie 550 tys. z\u0142, a 13 stycznia ma zapa\u015b\u0107 decyzja o kolejnym zastrzyku w wysoko\u015bci 7,5 mln z\u0142. &#8222;Wi\u0119kszo\u015b\u0107 udzia\u0142\u00f3w w sp\u00f3\u0142ce (63 proc.) ma pose\u0142 PO Janusz Palikot, a pozosta\u0142e nale\u017c\u0105 do dziewi\u0119ciu mniejszo\u015bciowych udzia\u0142owc\u00f3w, w tym m.in. do Joanny Drzyma\u0142y (c\u00f3rki Zbigniewa Drzyma\u0142y, w\u0142a\u015bciciela m.in. klubu pi\u0142karskiego Groclin)&#8221; &#8211; informuje czo\u0142owy dziennik Agory.<\/p>\n<p>W sierpniu Janusz Palikot postawi\u0142 swoiste &#8222;ultimatum&#8221; &#8211; powiedzia\u0142, \u017ce udzia\u0142owcy b\u0119d\u0105 finansowa\u0107 tygodnik dop\u00f3ty, dop\u00f3ki nie zacznie on zarabia\u0107 na siebie. A sprzeda\u017c wci\u0105\u017c spada\u0142a: we wrze\u015bniu by\u0142o to tylko 45,3 tys. egzemplarzy (dla por\u00f3wnania: w kwietniu sprzeda\u017c osi\u0105gn\u0119\u0142a pu\u0142ap 98 tys.). &#8222;Jak pokazuj\u0105 dane ZDKP, sprzeda\u017c wci\u0105\u017c spada&#8221; &#8211; czytamy w &#8222;Gazecie Wyborczej&#8221;<\/p>\n<p>Dlatego, przynajmniej na razie, nie zmienia si\u0119 sk\u0142ad zespo\u0142u &#8222;Ozonu&#8221;. Prezesem jest Micha\u0142 Je\u017cewski, za\u015b redaktorem naczelnym Grzegorz G\u00f3rny (wywodz\u0105cy si\u0119 z konserwatywnego chrze\u015bcija\u0144skiego kwartalnika &#8222;Fronda&#8221;). &#8222;Pod ich rz\u0105dami tygodnik zyska\u0142 wyra\u017any konserwatywny, katolicki charakter, co przejawia si\u0119 m.in. stanowczym pot\u0119pianiem aborcji i eutanazji&#8221;<\/p>\n","protected":false},"excerpt":{"rendered":"Udzia\u0142owcy tygodnika postanowili kontynuowa\u0107 dzia\u0142alno\u015b\u0107 sp\u00f3\u0142ki, jednak nie przestaj\u0105 poszukiwa\u0107 inwestora &#8211; pisze &#8222;Gazeta Wyborcza&#8221;.","protected":false},"author":1,"featured_media":0,"comment_status":"open","ping_status":"closed","sticky":false,"template":"","format":"standard","meta":{"csco_display_header_overlay":false,"csco_singular_sidebar":"","csco_page_header_type":"","csco_page_load_nextpost":"","csco_post_video_location":[],"csco_post_video_location_hash":"","csco_post_video_url":"","csco_post_video_bg_start_time":0,"csco_post_video_bg_end_time":0,"footnotes":""},"categories":[9673],"tags":[],"class_list":{"0":"post-82997","1":"post","2":"type-post","3":"status-publish","4":"format-standard","6":"category-prasa","7":"cs-entry","8":"cs-video-wrap"},"_links":{"self":[{"href":"https:\/\/mediarun.com\/pl\/wp-json\/wp\/v2\/posts\/82997","targetHints":{"allow":["GET"]}}],"collection":[{"href":"https:\/\/mediarun.com\/pl\/wp-json\/wp\/v2\/posts"}],"about":[{"href":"https:\/\/mediarun.com\/pl\/wp-json\/wp\/v2\/types\/post"}],"author":[{"embeddable":true,"href":"https:\/\/mediarun.com\/pl\/wp-json\/wp\/v2\/users\/1"}],"replies":[{"embeddable":true,"href":"https:\/\/mediarun.com\/pl\/wp-json\/wp\/v2\/comments?post=82997"}],"version-history":[{"count":0,"href":"https:\/\/mediarun.com\/pl\/wp-json\/wp\/v2\/posts\/82997\/revisions"}],"wp:attachment":[{"href":"https:\/\/mediarun.com\/pl\/wp-json\/wp\/v2\/media?parent=82997"}],"wp:term":[{"taxonomy":"category","embeddable":true,"href":"https:\/\/mediarun.com\/pl\/wp-json\/wp\/v2\/categories?post=82997"},{"taxonomy":"post_tag","embeddable":true,"href":"https:\/\/mediarun.com\/pl\/wp-json\/wp\/v2\/tags?post=82997"}],"curies":[{"name":"wp","href":"https:\/\/api.w.org\/{rel}","templated":true}]}}