{"id":82995,"date":"2005-12-29T18:59:27","date_gmt":"2005-12-29T17:59:27","guid":{"rendered":"https:\/\/mediarun.com\/index.php\/news-posts\/pozegnano-bylego-prezesa-radia-olsztyn\/"},"modified":"2005-12-29T18:59:27","modified_gmt":"2005-12-29T17:59:27","slug":"pozegnano-bylego-prezesa-radia-olsztyn","status":"publish","type":"post","link":"https:\/\/mediarun.com\/pl\/media\/radio\/pozegnano-bylego-prezesa-radia-olsztyn.html","title":{"rendered":"Po\u017cegnano by\u0142ego prezesa Radia Olsztyn"},"content":{"rendered":"<p>Uroczysto\u015bci pogrzebowe rozpocz\u0119\u0142y si\u0119 w kaplicy przy Szpitalu Miejskim w Olsztynie. Msz\u0119 \u015bwi\u0119t\u0105 w ko\u015bciele Naj\u015bwi\u0119tszego Serca Pana Jezusa odprawi\u0142 Metropolita Warmi\u0144ski arcybiskup Edmund Piszcz. Po mszy kondukt uda\u0142 si\u0119 na cmentarz komunalny przy ulicy Poprzecznej w Olsztynie. Trumna z cia\u0142em Ryszarda Langowskiego spocz\u0119\u0142a w Alei Zas\u0142u\u017conych. <\/p>\n<p>Ryszard Langowski prac\u0119 w Radiu Olsztyn rozpocz\u0105\u0142 w 1973 roku. Zaczyna\u0142 jako m\u0142odszy redaktor. W latach 1991-93 by\u0142 redaktorem naczelnym Radia Olsztyn. Od 1993 do 2000 pe\u0142ni\u0142 funkcj\u0119 prezesa zarz\u0105du rozg\u0142o\u015bni. We wrze\u015bniu 2002 roku z okazji jubileuszu 50-lecia Radia Olsztyn w ksi\u0119garniach ukaza\u0142a si\u0119 ksi\u0105\u017cka Ryszarda Langowskiego o historii Radia Olsztyn. Chocia\u017c od 2002 roku Ryszard Langowski by\u0142 emerytem, to wci\u0105\u017c wsp\u00f3\u0142pracowa\u0142 z Radiem Olsztyn, bo jak sam m\u00f3wi\u0142 &#8222;&#8230;radio to magia &#8211; cz\u0142owiek tu wchodzi i ju\u017c wie, \u017ce musi zosta\u0107&#8221;.<\/p>\n","protected":false},"excerpt":{"rendered":"W \u015brod\u0119 na cmentarzu komunalnym przy ulicy Poprzecznej w Olsztynie po\u017cegnano Ryszarda Langowskiego. By\u0142y prezes i redaktor naczelny Radia Olsztyn zmar\u0142 w zesz\u0142y czwartek po ci\u0119\u017ckiej chorobie. Mia\u0142 63 lata.","protected":false},"author":1,"featured_media":0,"comment_status":"open","ping_status":"closed","sticky":false,"template":"","format":"standard","meta":{"csco_display_header_overlay":false,"csco_singular_sidebar":"","csco_page_header_type":"","csco_page_load_nextpost":"","csco_post_video_location":[],"csco_post_video_location_hash":"","csco_post_video_url":"","csco_post_video_bg_start_time":0,"csco_post_video_bg_end_time":0,"footnotes":""},"categories":[9672],"tags":[],"class_list":{"0":"post-82995","1":"post","2":"type-post","3":"status-publish","4":"format-standard","6":"category-radio","7":"cs-entry","8":"cs-video-wrap"},"_links":{"self":[{"href":"https:\/\/mediarun.com\/pl\/wp-json\/wp\/v2\/posts\/82995","targetHints":{"allow":["GET"]}}],"collection":[{"href":"https:\/\/mediarun.com\/pl\/wp-json\/wp\/v2\/posts"}],"about":[{"href":"https:\/\/mediarun.com\/pl\/wp-json\/wp\/v2\/types\/post"}],"author":[{"embeddable":true,"href":"https:\/\/mediarun.com\/pl\/wp-json\/wp\/v2\/users\/1"}],"replies":[{"embeddable":true,"href":"https:\/\/mediarun.com\/pl\/wp-json\/wp\/v2\/comments?post=82995"}],"version-history":[{"count":0,"href":"https:\/\/mediarun.com\/pl\/wp-json\/wp\/v2\/posts\/82995\/revisions"}],"wp:attachment":[{"href":"https:\/\/mediarun.com\/pl\/wp-json\/wp\/v2\/media?parent=82995"}],"wp:term":[{"taxonomy":"category","embeddable":true,"href":"https:\/\/mediarun.com\/pl\/wp-json\/wp\/v2\/categories?post=82995"},{"taxonomy":"post_tag","embeddable":true,"href":"https:\/\/mediarun.com\/pl\/wp-json\/wp\/v2\/tags?post=82995"}],"curies":[{"name":"wp","href":"https:\/\/api.w.org\/{rel}","templated":true}]}}