{"id":82988,"date":"2005-12-30T09:00:20","date_gmt":"2005-12-30T08:00:20","guid":{"rendered":"https:\/\/mediarun.com\/index.php\/news-posts\/scat-na-zywo-w-tvp-kultura\/"},"modified":"2005-12-30T09:00:20","modified_gmt":"2005-12-30T08:00:20","slug":"scat-na-zywo-w-tvp-kultura","status":"publish","type":"post","link":"https:\/\/mediarun.com\/pl\/media\/tv\/scat-na-zywo-w-tvp-kultura.html","title":{"rendered":"Scat, &#8222;na \u017cywo&#8221; w TVP Kultura"},"content":{"rendered":"<p>Teatr &#8222;na \u017cywo&#8221;, reporta\u017c, felieton, film dokumentalny, koncert, spotkania z tw\u00f3rcami spektaklu, rozmowy, polemiki. Ju\u017c o godz. 17.00 w TVP Kultura film dokumentalny &#8222;Jak powstawa\u0142 Scat&#8221;. O godz. 18.20 koncert Davida Friesena i Leszka Mo\u017cd\u017cera z &#8217;95 roku. Z Teatrem Capitol TVP Kultura po\u0142\u0105czy si\u0119 o godz. 19.00. W programie m.in. rozmowy z Wojciechem Ko\u015bcielniakiem i Leszkiem Mo\u017cd\u017cerem, kr\u00f3tka historia wroc\u0142awskiego teatru, a tak\u017ce dyskusja na temat stanu sztuki musicalowej w Polsce i na \u015bwiecie. Transmisja spektaklu rozpocznie si\u0119 o godz. 20.15. <\/p>\n<p>&#8222;Scat, czyli od pucybuta do milionera&#8221; <\/p>\n<p>Mieszanina chaplinowskiej farsy, burleski, komiksu i melodramatu. Liryczna historyjka rodem z niemego kina, kiedy to pucybuci stawali si\u0119 milionerami, a wok\u00f3\u0142 pi\u0119knych kwiaciarek kr\u0105\u017cyli m\u0119\u017cczy\u017ani pragn\u0105cy je niecnie wykorzysta\u0107. Wykonawcy pos\u0142uguj\u0105 si\u0119 scatem, czyli jazzow\u0105 technik\u0105 wokaln\u0105, w kt\u00f3rej \u015bpiewa si\u0119 wy\u0142\u0105cznie &#8211; pozbawione znacze\u0144 &#8211; sylaby. Leszek Mo\u017cd\u017cer si\u0119gn\u0105\u0142 do stylistyki jazzu akustycznego lat 60., w kt\u00f3rej scat brzmi najbardziej naturalnie, ale da\u0142 te\u017c sporo innych cytat\u00f3w &#8211; od disco w stylu Travolty po tango i rosyjskiego kozaka. <\/p>\n<p>SCAT, to wartka, pe\u0142na zabawnych gag\u00f3w historia mi\u0142o\u015bci m\u0142odego pucybuta do prowincjonalnej kwiaciarki, kt\u00f3rej marzeniem jest kariera baletowa. Prosta fabu\u0142a komedii mi\u0142osnej zostanie jednak opowiedziana w niecodzienny spos\u00f3b &#8211; wszystkie tre\u015bci p\u0142yn\u0105ce ze sceny s\u0105 wy\u015bpiewane jazzow\u0105 technik\u0105 wokaln\u0105, tzw. &#8222;scatem&#8221;. <\/p>\n<p>Konwencja spektaklu nawi\u0105zuje do niemego kina &#8211; mieszanina burleski, farsy komiksu i melodramatu pozwala na stworzenie wyrazistych, przerysowanych postaci. W\u015br\u00f3d nich: z\u0142o\u015bliwy kelner, romantyczna kwiaciarka, zakochany pucybut, ekscentryczna gwiazda filmowa. Ca\u0142o\u015b\u0107 prowadzona b\u0119dzie w weso\u0142ym, czasem lekko nostalgicznym tonie. Muzyka Leszka Mo\u017cd\u017cera czerpie z tradycji &#8222;rasowego&#8221; jazzu (progresja 251, Charlie Parker, fraza be-bop, swing lat 40.) <\/p>\n<p>Na gruncie teatru muzycznego jest to przedsi\u0119wzi\u0119cie absolutnie nowatorskie. Wykorzystanie jazzowej techniki improwizacji wokalnej do opowiedzenia fabu\u0142y to pomys\u0142 wroc\u0142awskiego re\u017cysera i dyrektora artystycznego CAPITOLU Wojtka Ko\u015bcielniaka. Autorem muzyki do tego niezwyk\u0142ego zadania aktorskiego jest Leszek Mo\u017cd\u017cer &#8211; niekwestionowana gwiazda polskiego jazzu. <\/p>\n<p>Artystyczne \u015bcie\u017cki Leszka Mo\u017cd\u017cera i Wojtka Ko\u015bcielniaka przecinaj\u0105 si\u0119 mniej wi\u0119cej co dwa lata. Po raz pierwszy spotkali si\u0119 w Teatrze Muzycznym w Gdyni, gdzie wsp\u00f3lnie pracowali nad musicalem HAIR, a nast\u0119pnie nad muzyczn\u0105 adaptacj\u0105 szekspirowskiego &#8222;Snu nocy letniej&#8221;. <\/p>\n<p>W 2002 Wojtek Ko\u015bcielniak &#8211; ju\u017c jako dyrektor wroc\u0142awskiego Teatru Muzycznego &#8211; zaprosi\u0142 Mo\u017cd\u017cera do wsp\u00f3\u0142pracy przy tuwimowskich &#8222;Mandarynkach i pomara\u0144czach&#8221;. Podobnie jak w Gdyni &#8211; Ko\u015bcielniak re\u017cyserowa\u0142, a Mo\u017cd\u017cer pisa\u0142 aran\u017cacje do tytu\u0142owej cz\u0119\u015bci spektaklu, a tak\u017ce muzyk\u0119 do cz\u0119\u015bci drugiej, czyli &#8222;Balu w operze&#8221;. Premiera &#8222;Mandarynek&#8221; stanowi\u0142a koncert galowy wroc\u0142awskiego Przegl\u0105du Piosenki Aktorskiej. Zim\u0105 2004r. ponownie przyst\u0105pili do wsp\u00f3\u0142pracy. <\/p>\n<p>Sk\u0142ad orkiestry w widowisku nie przekroczy dwudziestu os\u00f3b. W przedstawieniu wyst\u0105pi kilkana\u015bcie g\u0142\u00f3wnych postaci, tancerze, ch\u00f3r i aktorzy drugiego planu. W obsadzie m.in.: Bogna Wo\u017aniak, Magdalena Kumorek, Magdalena Szczerbowska, Sambor Dudzi\u0144ski, Piotr i Pawe\u0142 Kamie\u0144scy, Konrad Imiela, Cezary Studniak, Rados\u0142aw Kot, \u0141ukasz W\u00f3jcik i Bartek Porczyk.<\/p>\n","protected":false},"excerpt":{"rendered":"&#8222;Scat&#8221; &#8211; nowatorskie widowisko Wojciecha Ko\u015bcielniaka z muzyk\u0105 Leszka Mo\u017cd\u017cera ju\u017c w czwartek &#8222;na \u017cywo&#8221; wprost z wroc\u0142awskiego Teatru Capitol. Jedyny taki musical w Polsce. Historia mi\u0142osna, w kt\u00f3rej nie pada ani jeden wyraz! Liryczna a jednocze\u015bnie zabawna fabu\u0142a opowiedziana &#8222;scatem&#8221; &#8211; jazzow\u0105 technik\u0105 \u015bpiewu pozbawionego s\u0142\u00f3w. TVP Kultura, czwartek 29.12.2005 r.","protected":false},"author":1,"featured_media":82989,"comment_status":"open","ping_status":"closed","sticky":false,"template":"","format":"standard","meta":{"csco_display_header_overlay":false,"csco_singular_sidebar":"","csco_page_header_type":"","csco_page_load_nextpost":"","csco_post_video_location":[],"csco_post_video_location_hash":"","csco_post_video_url":"","csco_post_video_bg_start_time":0,"csco_post_video_bg_end_time":0,"footnotes":""},"categories":[9670],"tags":[],"class_list":{"0":"post-82988","1":"post","2":"type-post","3":"status-publish","4":"format-standard","5":"has-post-thumbnail","7":"category-tv","8":"cs-entry","9":"cs-video-wrap"},"_links":{"self":[{"href":"https:\/\/mediarun.com\/pl\/wp-json\/wp\/v2\/posts\/82988","targetHints":{"allow":["GET"]}}],"collection":[{"href":"https:\/\/mediarun.com\/pl\/wp-json\/wp\/v2\/posts"}],"about":[{"href":"https:\/\/mediarun.com\/pl\/wp-json\/wp\/v2\/types\/post"}],"author":[{"embeddable":true,"href":"https:\/\/mediarun.com\/pl\/wp-json\/wp\/v2\/users\/1"}],"replies":[{"embeddable":true,"href":"https:\/\/mediarun.com\/pl\/wp-json\/wp\/v2\/comments?post=82988"}],"version-history":[{"count":0,"href":"https:\/\/mediarun.com\/pl\/wp-json\/wp\/v2\/posts\/82988\/revisions"}],"wp:featuredmedia":[{"embeddable":true,"href":"https:\/\/mediarun.com\/pl\/wp-json\/wp\/v2\/media\/82989"}],"wp:attachment":[{"href":"https:\/\/mediarun.com\/pl\/wp-json\/wp\/v2\/media?parent=82988"}],"wp:term":[{"taxonomy":"category","embeddable":true,"href":"https:\/\/mediarun.com\/pl\/wp-json\/wp\/v2\/categories?post=82988"},{"taxonomy":"post_tag","embeddable":true,"href":"https:\/\/mediarun.com\/pl\/wp-json\/wp\/v2\/tags?post=82988"}],"curies":[{"name":"wp","href":"https:\/\/api.w.org\/{rel}","templated":true}]}}