{"id":82984,"date":"2005-12-30T09:31:59","date_gmt":"2005-12-30T08:31:59","guid":{"rendered":"https:\/\/mediarun.com\/index.php\/news-posts\/bez-wierzejskiego-w-krrit\/"},"modified":"2005-12-30T09:31:59","modified_gmt":"2005-12-30T08:31:59","slug":"bez-wierzejskiego-w-krrit","status":"publish","type":"post","link":"https:\/\/mediarun.com\/pl\/media\/tv\/bez-wierzejskiego-w-krrit.html","title":{"rendered":"Bez Wierzejskiego w KRRiT"},"content":{"rendered":"<p>&#8211; Prawo i Sprawiedliwo\u015b\u0107 b\u0119dzie musia\u0142o przysta\u0107 na \u017c\u0105dania Samoobrony i LPR. To cena za jak\u0105 te dwie partie pomog\u0142y PiS uchwali\u0107 w ekspresowym tempie zmiany w prawie medialnym. Wczoraj Sejm przeg\u0142osowa\u0142 poprawki Senatu i ustawa czeka ju\u017c tylko na podpis prezydenta Lecha Kaczy\u0144skiego. Nowa ustawa daje PiS kontrol\u0119 nad KRRiT, kt\u00f3ra na wiosn\u0119 wybierze na trzy lata nowe w\u0142adze publicznej TVP i Polskiego Radia (w centrali jak i w oddzia\u0142ach terenowych). &#8211; pisze &#8222;Gazeta Wyborcza&#8221;<\/p>\n<p>Badania etyczno\u015bci chce Janusz Maksymiuk z Samoobrony. W czwartek tak t\u0142umaczy\u0142 &#8222;Gazecie Wyborczej&#8221; &#8211; Ten zapis zrodzi\u0142 si\u0119 z dyskusji w naszym klubie o tym, \u017ce dziennikarze pisz\u0105 o nas nieprawd\u0119 i nie chc\u0105 drukowa\u0107 naszych sprostowa\u0144. A nie mo\u017ce by\u0107 tak, \u017ce w r\u00f3\u017cnych zawodach obowi\u0105zuj\u0105 kodeksy etyczne, a dziennikarzy nie. Jak pose\u0142 zachowa si\u0119 nieetycznie, to mo\u017cna poskar\u017cy\u0107 si\u0119 na niego do komisji etyki i komisja publikuje, \u017ce zachowa\u0142 si\u0119 nieetycznie. Dlaczego tak nie mo\u017ce by\u0107 z dziennikarzami? Wi\u0119c ot tak, sam stworzy\u0142em taki zapis. I teraz, jak popar\u0142 to i Sejm, i Senat, b\u0119dziemy domaga\u0107 si\u0119, by KRRiT zrobi\u0142a rejestr zasad etycznych dla dziennikarzy. I to KRRiT b\u0119dzie potem na tej podstawie ocenia\u0107, kto zachowa\u0142 si\u0119 nieetycznie. Dajmy na to, nieetyczny jest dziennikarz, kt\u00f3ry nie chce opublikowa\u0107 sprostowania. Teraz b\u0119dzie je musia\u0142 opublikowa\u0107, mo\u017ce te\u017c do tego doda\u0107 swoje wyja\u015bnienie. A jak nie opublikuje, to KRRiT publicznie uzna go za nieetycznego. \u017badnych kar za to nie przewidujemy, ale jaka redakcja, jaki naczelny b\u0119dzie chcia\u0142 wsp\u00f3\u0142pracowa\u0107 z nieetycznym dziennikarzem? Oczywi\u015bcie zdaj\u0119 sobie spraw\u0119 z tego, \u017ce jak kto\u015b b\u0119dzie chcia\u0142, to mo\u017ce ten zapis wykorzysta\u0107 i na\u0142o\u017cy\u0107 na media kaganiec, ale moje intencje by\u0142y inne.<\/p>\n<p>Kandydat\u00f3w poznamy do po\u0142owy stycznia. Kadencja obecnej KRRiT wyga\u015bnie za par\u0119 dni z chwil\u0105 opublikowania nowelizacji ustawy o rtv. Wed\u0142ug &#8222;Gazety Wyborczej&#8221; kandydatem prezydenckim jest Tomasz Miernowski. Samoobrona ma trzech kandydat\u00f3w, ale nie chce ujawnia\u0107 ich nazwisk. O kandydowaniu znanego ze skrajnie prawicowych pogl\u0105d\u00f3w Wierzejskiego dziennik dowiedzia\u0142 si\u0119 nieoficjalnie. <\/p>\n","protected":false},"excerpt":{"rendered":"Samoobrona chce upublicznienia nazwisk &#8222;nieetycznych&#8221; dziennikarzy z telewizji i radia. O tym kto znajdzie si\u0119 na czarnej li\u015bcie nie b\u0119dzie decydowa\u0142 Wojciech Wierzejski &#8211; mimo, i\u017c zasugerowala to &#8222;Gazeta Wyborcza&#8221;. Roman Giertych zdementowa\u0142 informacj\u0119 na antenie radiowej Tr\u00f3jki.","protected":false},"author":1,"featured_media":82985,"comment_status":"open","ping_status":"closed","sticky":false,"template":"","format":"standard","meta":{"csco_display_header_overlay":false,"csco_singular_sidebar":"","csco_page_header_type":"","csco_page_load_nextpost":"","csco_post_video_location":[],"csco_post_video_location_hash":"","csco_post_video_url":"","csco_post_video_bg_start_time":0,"csco_post_video_bg_end_time":0,"footnotes":""},"categories":[9670],"tags":[],"class_list":{"0":"post-82984","1":"post","2":"type-post","3":"status-publish","4":"format-standard","5":"has-post-thumbnail","7":"category-tv","8":"cs-entry","9":"cs-video-wrap"},"_links":{"self":[{"href":"https:\/\/mediarun.com\/pl\/wp-json\/wp\/v2\/posts\/82984","targetHints":{"allow":["GET"]}}],"collection":[{"href":"https:\/\/mediarun.com\/pl\/wp-json\/wp\/v2\/posts"}],"about":[{"href":"https:\/\/mediarun.com\/pl\/wp-json\/wp\/v2\/types\/post"}],"author":[{"embeddable":true,"href":"https:\/\/mediarun.com\/pl\/wp-json\/wp\/v2\/users\/1"}],"replies":[{"embeddable":true,"href":"https:\/\/mediarun.com\/pl\/wp-json\/wp\/v2\/comments?post=82984"}],"version-history":[{"count":0,"href":"https:\/\/mediarun.com\/pl\/wp-json\/wp\/v2\/posts\/82984\/revisions"}],"wp:featuredmedia":[{"embeddable":true,"href":"https:\/\/mediarun.com\/pl\/wp-json\/wp\/v2\/media\/82985"}],"wp:attachment":[{"href":"https:\/\/mediarun.com\/pl\/wp-json\/wp\/v2\/media?parent=82984"}],"wp:term":[{"taxonomy":"category","embeddable":true,"href":"https:\/\/mediarun.com\/pl\/wp-json\/wp\/v2\/categories?post=82984"},{"taxonomy":"post_tag","embeddable":true,"href":"https:\/\/mediarun.com\/pl\/wp-json\/wp\/v2\/tags?post=82984"}],"curies":[{"name":"wp","href":"https:\/\/api.w.org\/{rel}","templated":true}]}}