{"id":82982,"date":"2005-12-30T10:27:58","date_gmt":"2005-12-30T09:27:58","guid":{"rendered":"https:\/\/mediarun.com\/index.php\/news-posts\/paclawski-nie-wroci-ale-kosztuje\/"},"modified":"2005-12-30T10:27:58","modified_gmt":"2005-12-30T09:27:58","slug":"paclawski-nie-wroci-ale-kosztuje","status":"publish","type":"post","link":"https:\/\/mediarun.com\/pl\/media\/tv\/paclawski-nie-wroci-ale-kosztuje.html","title":{"rendered":"Pac\u0142awski nie wr\u00f3ci, ale kosztuje"},"content":{"rendered":"<p>-Decyduj\u0105ca o ich losie rada nadzorcza TVP spotyka si\u0119 10 stycznia, ale nic nie wskazuje, by uda\u0142o si\u0119 prze\u0142ama\u0107 impas. Nie ma wi\u0119kszo\u015bci, by Pac\u0142awskiego i Ho\u0142y\u0144skiego definitywnie odwo\u0142a\u0107, nie ma te\u017c wystarczaj\u0105cej liczby g\u0142os\u00f3w, by ich przywr\u00f3ci\u0107. Zdaniem przewodnicz\u0105cego rady nadzorczej TVP Tadeusza Kowalskiego powr\u00f3t do pracy obu zawieszonych jest ma\u0142o prawdopodobny, zw\u0142aszcza \u017ce do ko\u0144ca kadencji pozosta\u0142o kilka miesi\u0119cy. Nowa rada nadzorcza i zarz\u0105d TVP mog\u0142yby zacz\u0105\u0107 dzia\u0142a\u0107 ju\u017c w kwietniu. &#8211; informuje &#8222;Rz&#8221;<\/p>\n<p>&#8211; Pac\u0142awski, wiceprezes ds. programowych, jest zawieszony od 15 miesi\u0119cy. Ho\u0142y\u0144ski, odpowiadaj\u0105cy za nowe technologie, od sze\u015bciu. Pac\u0142awski zosta\u0142 usuni\u0119ty z zarz\u0105du we wrze\u015bniu 2004 roku po sporze z prezesem TVP Janem Dworakiem. Zdaniem prezesa blokowa\u0142 proces zmian w telewizji. Ho\u0142y\u0144ski zosta\u0142 zawieszony w czerwcu za z\u0142o\u017cenie do s\u0105du wniosku (wraz z wiceprezesem Stanis\u0142awem W\u00f3jcikiem) o rejestracj\u0119 nowego cz\u0142onka rady nadzorczej, kt\u00f3rego wybra\u0142a Krajowa Rada, a kt\u00f3rego nie uznawali pozostali przedstawiciele zarz\u0105du. &#8211; pisze dziennik<\/p>\n<p>&#8211; Obaj mog\u0105 przychodzi\u0107 do telewizji, odbiera\u0107 korespondencj\u0119, przegl\u0105da\u0107 dokumenty, ale nie mog\u0105 uczestniczy\u0107 w pracach zarz\u0105du. Telewizja, podobnie jak pozosta\u0142ym trzem cz\u0142onkom zarz\u0105du, wyp\u0142aca im co miesi\u0105c ok. 15 tys. z\u0142 pensji brutto. Maj\u0105 do dyspozycji s\u0142u\u017cbowe samochody z kierowcami, kom\u00f3rki. Na sam\u0105pensj\u0119 Pac\u0142awskiego, z kt\u00f3rego us\u0142ug nie korzysta, telewizja wyda\u0142a od czasu jego zawieszenia ok. 220 tys. z\u0142. Na Ho\u0142y\u0144skiego ok. 90 tys. brutto. Do kwietnia uzbiera si\u0119 \u0142\u0105cznie prawie p\u00f3\u0142 miliona z\u0142otych. &#8211; czytamy w &#8222;Rzeczpospolitej&#8221;<\/p>\n<p>Pac\u0142awski ju\u017c pogodzi\u0142 si\u0119 z tym, \u017ce raczej nie wr\u00f3ci do zarz\u0105du. &#8211; To jest najbardziej prawdopodobne &#8211; m\u00f3wi &#8222;Rz&#8221;. &#8211; Zar\u00f3wno on, jak i Ho\u0142y\u0144ski nie maj\u0105 szans na powr\u00f3t do TVP po zmianie w\u0142adz. Obaj s\u0105 kojarzeni z lewic\u0105 (Pac\u0142awski by\u0142 szefem TVP 3 za prezesury Roberta Kwiatkowskieg), a decyduj\u0105cy wp\u0142yw na wyb\u00f3r nowych w\u0142adz b\u0119dzie mia\u0142o PiS. &#8211; donosi dziennik<\/p>\n","protected":false},"excerpt":{"rendered":"Wed\u0142ug &#8222;Rzeczpospolitej&#8221;, Ryszard Pac\u0142awski i Marek Ho\u0142y\u0144ski, zawieszeni cz\u0142onkowie zarz\u0105du TVP nie wr\u00f3c\u0105 ju\u017c do pracy na Woronicza, ale utrzymanie ich stanowisk kosztuje TVP ca\u0142kiem sporo. Brakuje g\u0142os\u00f3w zar\u00f3wno do ich przywr\u00f3cenia, jak i ostatecznego odwo\u0142ania.","protected":false},"author":1,"featured_media":82983,"comment_status":"open","ping_status":"closed","sticky":false,"template":"","format":"standard","meta":{"csco_display_header_overlay":false,"csco_singular_sidebar":"","csco_page_header_type":"","csco_page_load_nextpost":"","csco_post_video_location":[],"csco_post_video_location_hash":"","csco_post_video_url":"","csco_post_video_bg_start_time":0,"csco_post_video_bg_end_time":0,"footnotes":""},"categories":[9670],"tags":[],"class_list":{"0":"post-82982","1":"post","2":"type-post","3":"status-publish","4":"format-standard","5":"has-post-thumbnail","7":"category-tv","8":"cs-entry","9":"cs-video-wrap"},"_links":{"self":[{"href":"https:\/\/mediarun.com\/pl\/wp-json\/wp\/v2\/posts\/82982","targetHints":{"allow":["GET"]}}],"collection":[{"href":"https:\/\/mediarun.com\/pl\/wp-json\/wp\/v2\/posts"}],"about":[{"href":"https:\/\/mediarun.com\/pl\/wp-json\/wp\/v2\/types\/post"}],"author":[{"embeddable":true,"href":"https:\/\/mediarun.com\/pl\/wp-json\/wp\/v2\/users\/1"}],"replies":[{"embeddable":true,"href":"https:\/\/mediarun.com\/pl\/wp-json\/wp\/v2\/comments?post=82982"}],"version-history":[{"count":0,"href":"https:\/\/mediarun.com\/pl\/wp-json\/wp\/v2\/posts\/82982\/revisions"}],"wp:featuredmedia":[{"embeddable":true,"href":"https:\/\/mediarun.com\/pl\/wp-json\/wp\/v2\/media\/82983"}],"wp:attachment":[{"href":"https:\/\/mediarun.com\/pl\/wp-json\/wp\/v2\/media?parent=82982"}],"wp:term":[{"taxonomy":"category","embeddable":true,"href":"https:\/\/mediarun.com\/pl\/wp-json\/wp\/v2\/categories?post=82982"},{"taxonomy":"post_tag","embeddable":true,"href":"https:\/\/mediarun.com\/pl\/wp-json\/wp\/v2\/tags?post=82982"}],"curies":[{"name":"wp","href":"https:\/\/api.w.org\/{rel}","templated":true}]}}