{"id":82981,"date":"2005-12-30T10:32:07","date_gmt":"2005-12-30T09:32:07","guid":{"rendered":"https:\/\/mediarun.com\/index.php\/news-posts\/lukasz-grass-z-tvn24-podsumowuje-2005-rok\/"},"modified":"2005-12-30T10:32:07","modified_gmt":"2005-12-30T09:32:07","slug":"lukasz-grass-z-tvn24-podsumowuje-2005-rok","status":"publish","type":"post","link":"https:\/\/mediarun.com\/pl\/ludzie\/wywiad\/lukasz-grass-z-tvn24-podsumowuje-2005-rok.html","title":{"rendered":"\u0141ukasz Grass z TVN24 podsumowuje 2005 rok"},"content":{"rendered":"<p><?plik(4193,'left','')?> 2 stycznia 2005 roku zacz\u0119\u0142a si\u0119 moja przygoda z telewizj\u0105. Nigdy wcze\u015bniej nie pracowa\u0142em po tej stronie kamery &#8211; jako prezenter, dziennikarz informacyjny. Radio TOK FM,<br \/>\na wcze\u015bniej Plus Pozna\u0144 da\u0142o mi solidne podstawy do pracy w newsach. Ten rok by\u0142 czasem morderczej pracy i nauki. By\u0142 prze\u0142omowy, bo zacz\u0119\u0142o zmienia\u0107 si\u0119 moje \u017cycie. To by\u0142 swoisty test, sprawdzian z dziennikarskiego rzemios\u0142a i zdolno\u015bci do pracy przed kamer\u0105. Potwierdzeniem tego, \u017ce zda\u0142em egzamin jest nie tylko prowadzenie &#8222;Magazynu 24 godziny&#8221;, ale r\u00f3wnie\u017c nominacja do nagrody &#8222;Byk Sukcesu&#8221; w kategorii Debiut Roku. Nagrody przyznawane s\u0105 przez miesi\u0119cznik Sukces. <\/p>\n<p>Przez ten rok przyby\u0142o mi siwych w\u0142os\u00f3w i mia\u0142em spor\u0105 dawk\u0119 stresu i adrenaliny, ale chyba tak musia\u0142o to wygl\u0105da\u0107. Najlepszym sposobem na szybk\u0105 nauk\u0119 p\u0142ywania jest rzucenie na g\u0142\u0119bok\u0105 wod\u0119. Wtedy mamy jasno\u015b\u0107 sytuacji: albo kto\u015b nadaje si\u0119 do tej pracy albo tonie. Ciesz\u0119 si\u0119, \u017ce p\u0142ywam na powierzchni.<\/p>\n<p>Wiele zawdzi\u0119czam zespo\u0142owi. To filar pracy w tej firmie. Pojedynczo nikt tu nic nie zdzia\u0142a. Uwa\u017cam to za jeden z sukces\u00f3w &#8211; wsp\u00f3\u0142gram z nimi i razem tworzymy co\u015b, co na antenie daje pozytywne rezultaty. W tym zespole &#8222;jest&#8221; przede wszystkim moja \u017cona. Jej cierpliwo\u015b\u0107 i wyrozumia\u0142o\u015b\u0107 pozwoli\u0142y mi<br \/>\nw pe\u0142ni realizowa\u0107 si\u0119 w pracy.  <\/p>\n<p>W kontek\u015bcie tego, co wydarzy\u0142o si\u0119 w tym roku, plany na 2006 s\u0105 bardzo proste: doskonalenie tego, co ju\u017c uda\u0142o si\u0119 osi\u0105gn\u0105\u0107. Praca nad sob\u0105. Nie ma mowy o taryfie ulgowej. Zaczynam tak, jakby to by\u0142 1 stycznia mijaj\u0105cego roku, czyli na pe\u0142nych obrotach, z pokor\u0105, \u015bwiadomo\u015bci\u0105 tego, \u017ce przed mn\u0105 sporo nauki. <\/p>\n<p><B>Medialne wydarzenia 2005 roku<\/B><\/p>\n<p><B>Pokolenie JPII<\/B> <\/p>\n<p>Niew\u0105tpliwie medialnym wydarzeniem roku by\u0142a \u015bmier\u0107 Jana Paw\u0142a II i wyb\u00f3r nowego Papie\u017ca. To by\u0142o wydarzenie prze\u0142omowe w historii telewizji<br \/>\ni Watykanu. Jeszcze nigdy \u017caden Papie\u017c nie umiera\u0142 na oczach ca\u0142ego \u015bwiata i jeszcze nigdy \u015bmier\u0107 cz\u0142owieka nie by\u0142a medialn\u0105 ewangelizacj\u0105. Niew\u0105tpliwie JPII musia\u0142 w\u0142a\u015bnie tak odej\u015b\u0107 z tego \u015bwiata. Chcia\u0142 nam co\u015b przekaza\u0107, a i my chcieli\u015bmy to wszystko zobaczy\u0107 i &#8222;co\u015b&#8221; na po\u017cegnanie us\u0142ysze\u0107.  Je\u015bli ka\u017cde pokolenie ma swoj\u0105 rewolucj\u0119, to moje pokolenie &#8211; ludzi obecnie 30-letnich w\u0142a\u015bnie tak\u0105 przesz\u0142o. Rewolucja w duszy. Je\u015bli nie do wszystkich to dotar\u0142o, to z pewno\u015bci\u0105 dotrze. <\/p>\n<p>Po \u015bmierci Karola Wojty\u0142y ca\u0142y \u015bwiat za po\u015brednictwem kamer wszed\u0142 do komnat Watykanu, aby obserwowa\u0107 wyb\u00f3r nowego papie\u017ca po 27 latach papiestwa JPII. Okres od \u015bmierci Wojty\u0142y do wyboru kardyna\u0142a Ratzingera na papie\u017ca by\u0142 wyzwaniem i dla Ko\u015bcio\u0142a i dla medi\u00f3w. My\u015bl\u0119, \u017ce z ma\u0142ymi wyj\u0105tkami ten egzamin zdali\u015bmy. <\/p>\n<p><B>Rok wybor\u00f3w.<\/B> <\/p>\n<p>Parlamentarne i prezydenckie rozdanie &#8211; pocz\u0105tkowo tak przewidywalne i oczywiste, zaskoczy\u0142o nawet najwi\u0119kszych spec\u00f3w od polskiej sceny politycznej. Wielka przegrana PO i przede wszystkim osobista tragedia jednego cz\u0142owieka: Jana Marii Rokity. &#8222;Premier z Krakowa&#8221; przegra\u0142 nie tylko politycznie. Rokita musi czu\u0107 si\u0119 fatalnie. Ten rasowy, niezwykle inteligentny polityk jest urodzonym przyw\u00f3dc\u0105 i d\u0142ugo szykowa\u0142 si\u0119 do obj\u0119cia w\u0142adzy w Polsce. Mia\u0142 by\u0107 premierem, a nie jest nawet w rz\u0105dz\u0105cej koalicji. To tak jak dyskwalifikacja prowadz\u0105cego zawodnika na kilka metr\u00f3w przed met\u0105.  <\/p>\n<p>Ten rok nale\u017ca\u0142 do braci Kaczy\u0144skich. Zdobyli pe\u0142ni\u0119 w\u0142adzy w kraju i taki by\u0142 ich scenariusz. Koalicji z PO nie ma, bo by\u0107 nie mia\u0142o. \u015awiadcz\u0105 o tym dobitnie warunki stawiane Platformie: personalne wymagania nie do przeskoczenia przez lider\u00f3w PO. Gdyby ust\u0105pili PiS-owi, mieliby\u015bmy kuriozaln\u0105 sytuacj\u0119, w kt\u00f3rej jedna partia unicestwia lub organizuje wewn\u0119trzne \u017cycie drugiej za jej w\u0142asn\u0105 zgod\u0105. <\/p>\n<p><B>Armagedon SLD.<\/B> <\/p>\n<p>To cud, \u017ce Sojusz zd\u0105\u017cy\u0142 odbi\u0107 si\u0119 od dna i wej\u015b\u0107 do Sejmu. Afery, w kt\u00f3re wpl\u0105tani byli politycy SLD na pierwszy rzut oka przekre\u015bla\u0142y t\u0119 parti\u0119. Ale SLD ma te\u017c bardzo twardy elektorat i dlatego w Sejmie V kadencji mo\u017ce cieszy\u0107 si\u0119 55 pos\u0142ami. <\/p>\n<p><B>Afery<\/B> <\/p>\n<p>To by\u0142 kolejny rok afer z politykami w roli g\u0142\u00f3wnej. Poznali\u015bmy fina\u0142 wi\u0119kszo\u015bci z nich. Oczywi\u015bcie nie mo\u017cna pomin\u0105\u0107 jednej z najg\u0142o\u015bniejszych afer w III RP: Lew Rywin poszed\u0142 siedzie\u0107. Ale wci\u0105\u017c nie poznali\u015bmy s\u0142ynnej Grupy Trzymaj\u0105cej W\u0142adz\u0119. Rywin konsekwentnie powtarza, \u017ce to wymys\u0142 dziennikarzy, kt\u00f3rzy w ten spos\u00f3b \u017cywi\u0105 afer\u0119 wymy\u015blon\u0105 przez Gazet\u0119 Wyborcz\u0105.    <\/p>\n<p><B>Prezydent \u0142askawca<\/B><\/p>\n<p>Na \u015bwiecie nikt nie b\u0119dzie o tym pami\u0119ta\u0142. Pewnie niewielu o tym wie. W Polsce zako\u0144czenie 10 letniej prezydentury b\u0119dzie si\u0119 ju\u017c na zawsze kojarzy\u0107 z u\u0142askawieniem Zbigniewa Sobotki. Ten akt prezydenta wobec partyjnego niegdy\u015b kolegi zapisze si\u0119 \u017ale. By\u0142y wiceszef MSWIA nie p\u00f3jdzie do wi\u0119zienia, co dla cz\u0142owieka z wy\u017cszych sfer musi by\u0107 wielkim szcz\u0119\u015bciem. Tym bardziej, \u017ce pan Sobotka m\u00f3g\u0142 obserwowa\u0107 dramat Lwa Rywina, a perspektywa zamiany wygodnego \u0142\u00f3\u017cka na wi\u0119zienn\u0105 prycz\u0119 ka\u017cdego VIP-a musia\u0142a przera\u017ca\u0107.   <\/p>\n<p><B>Wojna na teczki<\/B><\/p>\n<p>Tego nie mo\u017cna pomin\u0105\u0107. Od Listy Wildsteina rozpocz\u0105\u0142 si\u0119 nowy etap w rozliczaniu z przesz\u0142o\u015bci\u0105, a fina\u0142 zobaczymy w 2006 roku. Smutne jest tylko to, \u017ce esbeckie notatki cz\u0119sto s\u0105 i jeszcze wielokrotnie b\u0119d\u0105 jedyn\u0105 wyroczni\u0105 w ocenie cz\u0142owieka, b\u0119d\u0105 pisa\u0107 jego CV i determinowa\u0107 funkcjonowanie w \u017cyciu spo\u0142ecznym. Na nic zda si\u0119 uniewinnienie przez s\u0105d, je\u015bli wcze\u015bniej kto\u015b pom\u00f3wi\u0142. Przyk\u0142ad najdobitniejszy to Andrzej Przewo\u017anik. Sekretarz generalny Rady Ochrony Pami\u0119ci Walk i M\u0119cze\u0144stwa mia\u0142 by\u0107 agentem \u0141ukaszem, co okaza\u0142o si\u0119 kompletn\u0105 bzdur\u0105. Ale Przewo\u017anik i tak zosta\u0142 wyeliminowany z walki o fotel szefa IPN-u. Wojna na teczki wejdzie w decyduj\u0105c\u0105 faz\u0119 i przyniesie jeszcze wiele rozczarowa\u0144, gorzkich s\u0142\u00f3w i \u0142ez. <\/p>\n","protected":false},"excerpt":{"rendered":"Sw\u00f3j pierwszy telewizyjny rok oraz najwa\u017cniejsze medialne i polityczne wydarzenia mijaj\u0105cych 12 miesiecy komentuje dla nas \u0141ukasz Grass, prezenter TVN24.","protected":false},"author":1,"featured_media":0,"comment_status":"open","ping_status":"closed","sticky":false,"template":"","format":"standard","meta":{"csco_display_header_overlay":false,"csco_singular_sidebar":"","csco_page_header_type":"","csco_page_load_nextpost":"","csco_post_video_location":[],"csco_post_video_location_hash":"","csco_post_video_url":"","csco_post_video_bg_start_time":0,"csco_post_video_bg_end_time":0,"footnotes":""},"categories":[45],"tags":[],"class_list":{"0":"post-82981","1":"post","2":"type-post","3":"status-publish","4":"format-standard","6":"category-wywiad","7":"cs-entry","8":"cs-video-wrap"},"_links":{"self":[{"href":"https:\/\/mediarun.com\/pl\/wp-json\/wp\/v2\/posts\/82981","targetHints":{"allow":["GET"]}}],"collection":[{"href":"https:\/\/mediarun.com\/pl\/wp-json\/wp\/v2\/posts"}],"about":[{"href":"https:\/\/mediarun.com\/pl\/wp-json\/wp\/v2\/types\/post"}],"author":[{"embeddable":true,"href":"https:\/\/mediarun.com\/pl\/wp-json\/wp\/v2\/users\/1"}],"replies":[{"embeddable":true,"href":"https:\/\/mediarun.com\/pl\/wp-json\/wp\/v2\/comments?post=82981"}],"version-history":[{"count":0,"href":"https:\/\/mediarun.com\/pl\/wp-json\/wp\/v2\/posts\/82981\/revisions"}],"wp:attachment":[{"href":"https:\/\/mediarun.com\/pl\/wp-json\/wp\/v2\/media?parent=82981"}],"wp:term":[{"taxonomy":"category","embeddable":true,"href":"https:\/\/mediarun.com\/pl\/wp-json\/wp\/v2\/categories?post=82981"},{"taxonomy":"post_tag","embeddable":true,"href":"https:\/\/mediarun.com\/pl\/wp-json\/wp\/v2\/tags?post=82981"}],"curies":[{"name":"wp","href":"https:\/\/api.w.org\/{rel}","templated":true}]}}