{"id":82977,"date":"2005-12-30T12:55:47","date_gmt":"2005-12-30T11:55:47","guid":{"rendered":"https:\/\/mediarun.com\/index.php\/news-posts\/tvp-podziekuje-durczokowi\/"},"modified":"2005-12-30T12:55:47","modified_gmt":"2005-12-30T11:55:47","slug":"tvp-podziekuje-durczokowi","status":"publish","type":"post","link":"https:\/\/mediarun.com\/pl\/media\/tv\/tvp-podziekuje-durczokowi.html","title":{"rendered":"TVP podzi\u0119kuje Durczokowi?"},"content":{"rendered":"<p>Dlaczego TVP ma nie przed\u0142u\u017cy\u0107 kontraktu z Kamilem Durczokiem? &#8211; Jedn\u0105 z przyczyn mo\u017ce by\u0107 to, \u017ce niekt\u00f3rym ludziom jego nazwisko za bardzo kojarzy si\u0119 z osob\u0105 Waldemara Dubaniowskiego, szefa gabinetu Aleksandra Kwa\u015bniewskiego. Tylko czy polityczne zamieszanie to pow\u00f3d, aby odebra\u0107 widzom lubianego dziennikarza? &#8211; zastanawia si\u0119 &#8222;Fakt&#8221;.<\/p>\n<p>&#8211; Problemy Durczoka trwaj\u0105 ju\u017c od kilku miesi\u0119cy. Na dobre zacz\u0119\u0142y si\u0119 jednak jesieni\u0105. Dziennikarzowi, kt\u00f3ry jako twarz &#8222;Wiadomo\u015bci&#8221; i gospodarz programu &#8222;Debata&#8221;, od wielu lat w trakcie kampanii wyborczych prowadzi wieczory wyborcze, uniemo\u017cliwiono przeprowadzenie wywiadu na \u017cywo z Donaldem Tuskiem. Zamiast duetu Durczok &#8211; Gawryluk, kt\u00f3ry w tym sezonie prowadzi\u0142 przedwyborcze debaty, rozmow\u0119 z Tuskiem przeprowadzili Krzysztof Skowro\u0144ski i Dorota Wysocka-Schnepf. Dla dziennikarza by\u0142 to afront. Zw\u0142aszcza, \u017ce przy okazji postawiono mu zarzut stronniczo\u015bci. Osoby zwi\u0105zane ze \u015brodowiskiem PiS mia\u0142y podobno interweniowa\u0107 u samego prezesa TVP Jana Dworaka, by usun\u0105\u0107 Durczoka z wizji &#8211; przypomina dziennik.<\/p>\n<p>&#8211; Kolejne problemy pojawi\u0142y si\u0119 p\u00f3\u017aniej. W \u015bwietnym i lubianym programie &#8222;Debata&#8221; zabroniono Durczokowi podnosi\u0107 tematy polityczne. A prowadzenie programu o promu spo\u0142ecznym, jak TVN-owskie &#8222;Rozmowy w toku&#8221; to przecie\u017c dla dziennikarza tej klasy \u017cadne wyzwanie. Sam Durczok jest w\u015bciek\u0142y. Jemu ju\u017c chyba zreszt\u0105 na TVP nie zale\u017cy. Bo, po co mu kontrakt ze stacj\u0105, w kt\u00f3rej nie pozwa\u0142a mu si\u0119 wykorzystywa\u0107 swoich mo\u017cliwo\u015bci &#8211; pisze &#8222;Fakt&#8221;. <\/p>\n","protected":false},"excerpt":{"rendered":"Wed\u0142ug nieoficjalnych informacji dziennika &#8222;Fakt&#8221;, Telewizja Polska mo\u017ce nie przed\u0142u\u017cy\u0107 z Kamilem Durczokiem kontraktu, kt\u00f3ry wygasa w marcu 2006 roku. Gazeta informuje, \u017ce trwaj\u0105 poszukiwania nowego prezentera. Ma to by\u0107 znane nazwisko. &#8211; By\u0107 mo\u017ce dlatego, \u017ce docelowo zast\u0105pi on Durczoka &#8211; zastanawia si\u0119.","protected":false},"author":1,"featured_media":82978,"comment_status":"open","ping_status":"closed","sticky":false,"template":"","format":"standard","meta":{"csco_display_header_overlay":false,"csco_singular_sidebar":"","csco_page_header_type":"","csco_page_load_nextpost":"","csco_post_video_location":[],"csco_post_video_location_hash":"","csco_post_video_url":"","csco_post_video_bg_start_time":0,"csco_post_video_bg_end_time":0,"footnotes":""},"categories":[9670],"tags":[],"class_list":{"0":"post-82977","1":"post","2":"type-post","3":"status-publish","4":"format-standard","5":"has-post-thumbnail","7":"category-tv","8":"cs-entry","9":"cs-video-wrap"},"_links":{"self":[{"href":"https:\/\/mediarun.com\/pl\/wp-json\/wp\/v2\/posts\/82977","targetHints":{"allow":["GET"]}}],"collection":[{"href":"https:\/\/mediarun.com\/pl\/wp-json\/wp\/v2\/posts"}],"about":[{"href":"https:\/\/mediarun.com\/pl\/wp-json\/wp\/v2\/types\/post"}],"author":[{"embeddable":true,"href":"https:\/\/mediarun.com\/pl\/wp-json\/wp\/v2\/users\/1"}],"replies":[{"embeddable":true,"href":"https:\/\/mediarun.com\/pl\/wp-json\/wp\/v2\/comments?post=82977"}],"version-history":[{"count":0,"href":"https:\/\/mediarun.com\/pl\/wp-json\/wp\/v2\/posts\/82977\/revisions"}],"wp:featuredmedia":[{"embeddable":true,"href":"https:\/\/mediarun.com\/pl\/wp-json\/wp\/v2\/media\/82978"}],"wp:attachment":[{"href":"https:\/\/mediarun.com\/pl\/wp-json\/wp\/v2\/media?parent=82977"}],"wp:term":[{"taxonomy":"category","embeddable":true,"href":"https:\/\/mediarun.com\/pl\/wp-json\/wp\/v2\/categories?post=82977"},{"taxonomy":"post_tag","embeddable":true,"href":"https:\/\/mediarun.com\/pl\/wp-json\/wp\/v2\/tags?post=82977"}],"curies":[{"name":"wp","href":"https:\/\/api.w.org\/{rel}","templated":true}]}}