{"id":82975,"date":"2005-12-30T13:32:25","date_gmt":"2005-12-30T12:32:25","guid":{"rendered":"https:\/\/mediarun.com\/index.php\/news-posts\/waniek-pisze-do-kaczynskiego\/"},"modified":"2005-12-30T13:32:25","modified_gmt":"2005-12-30T12:32:25","slug":"waniek-pisze-do-kaczynskiego","status":"publish","type":"post","link":"https:\/\/mediarun.com\/pl\/media\/tv\/waniek-pisze-do-kaczynskiego.html","title":{"rendered":"Waniek pisze do Kaczy\u0144skiego"},"content":{"rendered":"<p>&#8211; Uchwalenie tej ustawy kwestionowane jest zar\u00f3wno z powod\u00f3w prawnych, jak i politycznych przez wiele os\u00f3b i \u015brodowisk. Najwa\u017cniejszym zarzutem, jaki si\u0119 wobec niej pojawia, to niezgodno\u015b\u0107 z Konstytucj\u0105 RP. Zwracaj\u0105 na to uwag\u0119 wybitni konstytucjonali\u015bci , a zastrze\u017cenia do niej zg\u0142asza\u0142a tak\u017ce KRRiT, wnosz\u0105c do Rzecznika Praw Obywatelskich o zaskar\u017cenie ustawy do Trybuna\u0142u Konstytucyjnego &#8211; pisze Danuta Waniek.<\/p>\n<p>&#8211; W tej sytuacji zwracam si\u0119 do Pana z gor\u0105c\u0105 pro\u015bb\u0105 o to, aby nie podpisywa\u0142 Pan tej ustawy, nie upewniaj\u0105c si\u0119 najpierw o jej zgodno\u015bci z Konstytucj\u0105, kt\u00f3ra daje przecie\u017c Prezydentowi RP mo\u017cliwo\u015b\u0107 wniesienia zapytania do Trybuna\u0142u Konstytucyjnego. Pozwoli\u0142oby to na wyja\u015bnienie niezwykle istotnych zarzut\u00f3w, jakie pojawi\u0142y si\u0119 wobec tej ustawy &#8211; czytamy dalej w li\u015bcie do prezydenta.<\/p>\n<p>&#8211; Szanowny Panie Prezydencie, Kieruj\u0105c do Pana ten apel mam w pami\u0119ci niedawne s\u0142owa przysi\u0119gi sk\u0142adanej przez Pana przed Zgromadzeniem Narodowym, w kt\u00f3rej zobowi\u0105za\u0142 si\u0119 Pan dochowa\u0107 wierno\u015bci Konstytucji. W innych deklaracjach zapowiada\u0142 Pan, \u017ce jako Prezydent RP nie b\u0119dzie kierowa\u0142 si\u0119 interesami tylko jednej partii &#8211; pisze przewodnicz\u0105ca KRRiT.<\/p>\n<p>&#8211; Zapewniam jednocze\u015bnie, \u017ce apeluj\u0105c do Pana nie kieruj\u0119 si\u0119 trosk\u0105 o sw\u00f3j los. Jako osoba dzia\u0142aj\u0105c\u0105 od kilkunastu lat na rzecz spraw publicznych, nauczy\u0142am si\u0119 przyjmowa\u0107 ze spokojem wyroki polityczne dotycz\u0105ce mnie bezpo\u015brednio. W tej decyzji Prezydenta RP nie chodzi jedynie o przes\u0105dzenie indywidualnych los\u00f3w dziewi\u0119ciu cz\u0142onk\u00f3w KRRiT. Chodzi o co\u015b wi\u0119cej: o zachowanie konstytucyjny gwarancji demokratycznego \u0142adu medialnego! &#8211; zapewnia Danuta Waniek.<\/p>\n<p>&#8211; Podpisuj\u0105c dzi\u015b t\u0119 ustaw\u0119 by\u0107 mo\u017ce otworzy Pan drog\u0119 tym wszystkim, kt\u00f3rzy dysponuj\u0105c wi\u0119kszo\u015bci\u0105 w kolejnych parlamentach b\u0119d\u0105 dowolnie zmieniali prawo tak, aby przej\u0105\u0107 media. W ten spos\u00f3b zostanie pogrzebana na zawsze zasada niezale\u017cno\u015bci medi\u00f3w, zw\u0142aszcza publicznych, od ka\u017cdorazowej administracji rz\u0105dowej &#8211; obawia si\u0119 przewodnicz\u0105ca.<\/p>\n<p>&#8211; Je\u015bli dzi\u015b trzeba zmieni\u0107 &#8222;polityczn\u0105 KRRiT&#8221; &#8211; bo wybran\u0105 przez Sejm, Senat i Prezydenta, to jutro ten los mog\u0105 podzieli\u0107 wybierany r\u00f3wnie\u017c przez parlamentarn\u0105 wi\u0119kszo\u015b\u0107 Rzecznik Praw Obywatelskich, Prezes Najwy\u017cszej Izby Kontroli, czy Narodowego Banku Polskiego &#8211; pisze Waniek.<\/p>\n<p>&#8211; Kieruj\u0105c si\u0119 trosk\u0105 o demokratyczny \u0142ad medialny Rzeczpospolitej, apeluj\u0119 do Pana o skierowanie zapyta\u0144 w sprawie ustawy o &#8222;przekszta\u0142ceniach i zmianach w podziale zada\u0144 i kompetencji organ\u00f3w pa\u0144stwowych w\u0142a\u015bciwych w sprawach \u0142\u0105czno\u015bci, radiofonii i telewizji&#8221; do Trybuna\u0142u Konstytucyjnego &#8211; czytamy w li\u015bcie do Lecha Kaczy\u0144skiego.<\/p>\n","protected":false},"excerpt":{"rendered":"Przed chwil\u0105 dotar\u0142y do mnie informacje, \u017ce ustawa o &#8222;przekszta\u0142ceniach i zmianach w podziale zada\u0144 i kompetencji organ\u00f3w pa\u0144stwowych w\u0142a\u015bciwych w sprawach \u0142\u0105czno\u015bci, radiofonii i telewizji&#8221; dotar\u0142a ju\u017c do Kancelarii Prezydenta RP &#8211; pisze przewodnicz\u0105ca KRRiT Danuta Waniek do prezydenta Lecha Kaczy\u0144skiego.","protected":false},"author":1,"featured_media":82976,"comment_status":"open","ping_status":"closed","sticky":false,"template":"","format":"standard","meta":{"csco_display_header_overlay":false,"csco_singular_sidebar":"","csco_page_header_type":"","csco_page_load_nextpost":"","csco_post_video_location":[],"csco_post_video_location_hash":"","csco_post_video_url":"","csco_post_video_bg_start_time":0,"csco_post_video_bg_end_time":0,"footnotes":""},"categories":[9670],"tags":[],"class_list":{"0":"post-82975","1":"post","2":"type-post","3":"status-publish","4":"format-standard","5":"has-post-thumbnail","7":"category-tv","8":"cs-entry","9":"cs-video-wrap"},"_links":{"self":[{"href":"https:\/\/mediarun.com\/pl\/wp-json\/wp\/v2\/posts\/82975","targetHints":{"allow":["GET"]}}],"collection":[{"href":"https:\/\/mediarun.com\/pl\/wp-json\/wp\/v2\/posts"}],"about":[{"href":"https:\/\/mediarun.com\/pl\/wp-json\/wp\/v2\/types\/post"}],"author":[{"embeddable":true,"href":"https:\/\/mediarun.com\/pl\/wp-json\/wp\/v2\/users\/1"}],"replies":[{"embeddable":true,"href":"https:\/\/mediarun.com\/pl\/wp-json\/wp\/v2\/comments?post=82975"}],"version-history":[{"count":0,"href":"https:\/\/mediarun.com\/pl\/wp-json\/wp\/v2\/posts\/82975\/revisions"}],"wp:featuredmedia":[{"embeddable":true,"href":"https:\/\/mediarun.com\/pl\/wp-json\/wp\/v2\/media\/82976"}],"wp:attachment":[{"href":"https:\/\/mediarun.com\/pl\/wp-json\/wp\/v2\/media?parent=82975"}],"wp:term":[{"taxonomy":"category","embeddable":true,"href":"https:\/\/mediarun.com\/pl\/wp-json\/wp\/v2\/categories?post=82975"},{"taxonomy":"post_tag","embeddable":true,"href":"https:\/\/mediarun.com\/pl\/wp-json\/wp\/v2\/tags?post=82975"}],"curies":[{"name":"wp","href":"https:\/\/api.w.org\/{rel}","templated":true}]}}