{"id":82971,"date":"2005-12-30T14:41:21","date_gmt":"2005-12-30T13:41:21","guid":{"rendered":"https:\/\/mediarun.com\/index.php\/news-posts\/festiwal-ale-kino-nominowany\/"},"modified":"2005-12-30T14:41:21","modified_gmt":"2005-12-30T13:41:21","slug":"festiwal-ale-kino-nominowany","status":"publish","type":"post","link":"https:\/\/mediarun.com\/pl\/media\/tv\/festiwal-ale-kino-nominowany.html","title":{"rendered":"Festiwal Ale Kino! nominowany"},"content":{"rendered":"<p>WDECHY to nagrody przyznawane dla Cz\u0142owieka, Miejsca i Wydarzenia Roku. W\u00a0tej\u00a0ostatniej kategorii zosta\u0142 nominowany Festiwal FILMY \u015aWIATA ALE KINO!. Festiwal odby\u0142 si\u0119 w Warszawie, a nast\u0119pnie w Krakowie, \u0141odzi i\u00a0Poznaniu w\u00a0dniach 17\u00a0listopada &#8211; 1 grudnia 2005. W pokazach wzi\u0119\u0142o udzia\u0142 ponad 5500 widz\u00f3w, na wiele pokaz\u00f3w zabrak\u0142o bilet\u00f3w. &#8222;Ju\u017c pracujemy nad repertuarem i\u00a0organizacj\u0105 przysz\u0142orocznej, rozszerzonej edycji. B\u0119dzie wi\u0119cej sal kinowych, wi\u0119cej imprez towarzysz\u0105cych i, oczywi\u015bcie, wi\u0119cej film\u00f3w&#8221; &#8211; powiedzia\u0142a dyrektor Ale kino! Hanna Baka. Zaraz po zako\u0144czeniu festiwalu kana\u0142 Ale kino! uruchomi\u0142 pasmo ALE \u015aWIAT! (ka\u017cdy czwartek o 20:00), kt\u00f3re jest kontynuacj\u0105 i\u00a0rozszerzeniem festiwalu. Ju\u017c\u00a0w\u00a0styczniu stacja przedstawi w nim m.in. &#8220;Ziemi\u0119 i\u00a0popio\u0142y&#8221; z Afganistanu, japo\u0144ski &#8220;Poniedzia\u0142ek&#8221;, pokazywany na tegorocznym festiwalu w\u00a0Cieszynie chi\u0144sko-japo\u0144ski &#8220;\u015awiat&#8221; (2004) i wietnamski &#8220;Zapach zielonej papai&#8221;.<\/p>\n<p>WDECHY 2005 przyznane zostan\u0105 przez jury, sk\u0142adaj\u0105ce si\u0119 z dziennikarzy &#8220;Co jest grane?&#8221; oraz przez publiczno\u015b\u0107 (Wdecha Publiczno\u015bci), kt\u00f3ra mo\u017ce zag\u0142osowa\u0107 na swojego faworyta za\u00a0pomoc\u0105 SMS-a (szczeg\u00f3\u0142y w\u00a0kolejnych wydaniach &#8220;Co jest grane?&#8221;). W ubieg\u0142ym roku WDECHY trafi\u0142y do Grzegorza Jarzyny, Romana Gutka i\u00a0w\u0142a\u015bcicieli klubu Le Madame. Zwyci\u0119zcy og\u0142oszeni zostan\u0105 28 stycznia w czasie fina\u0142owej imprezy.<\/p>\n","protected":false},"excerpt":{"rendered":"Festiwal FILMY \u015aWIATA ALE KINO! organizowany przez kana\u0142 filmowy Ale\u00a0kino! i\u00a0Agencj\u0119 Promocji Ma&ntilde;ana zosta\u0142 dzi\u015b nominowany do nagrody WDECHY 2005, przyznawanej przez &#8220;Co jest grane?&#8221; &#8211; dodatek kulturalny Gazety Wyborczej.","protected":false},"author":1,"featured_media":82972,"comment_status":"open","ping_status":"closed","sticky":false,"template":"","format":"standard","meta":{"csco_display_header_overlay":false,"csco_singular_sidebar":"","csco_page_header_type":"","csco_page_load_nextpost":"","csco_post_video_location":[],"csco_post_video_location_hash":"","csco_post_video_url":"","csco_post_video_bg_start_time":0,"csco_post_video_bg_end_time":0,"footnotes":""},"categories":[9670],"tags":[],"class_list":{"0":"post-82971","1":"post","2":"type-post","3":"status-publish","4":"format-standard","5":"has-post-thumbnail","7":"category-tv","8":"cs-entry","9":"cs-video-wrap"},"_links":{"self":[{"href":"https:\/\/mediarun.com\/pl\/wp-json\/wp\/v2\/posts\/82971","targetHints":{"allow":["GET"]}}],"collection":[{"href":"https:\/\/mediarun.com\/pl\/wp-json\/wp\/v2\/posts"}],"about":[{"href":"https:\/\/mediarun.com\/pl\/wp-json\/wp\/v2\/types\/post"}],"author":[{"embeddable":true,"href":"https:\/\/mediarun.com\/pl\/wp-json\/wp\/v2\/users\/1"}],"replies":[{"embeddable":true,"href":"https:\/\/mediarun.com\/pl\/wp-json\/wp\/v2\/comments?post=82971"}],"version-history":[{"count":0,"href":"https:\/\/mediarun.com\/pl\/wp-json\/wp\/v2\/posts\/82971\/revisions"}],"wp:featuredmedia":[{"embeddable":true,"href":"https:\/\/mediarun.com\/pl\/wp-json\/wp\/v2\/media\/82972"}],"wp:attachment":[{"href":"https:\/\/mediarun.com\/pl\/wp-json\/wp\/v2\/media?parent=82971"}],"wp:term":[{"taxonomy":"category","embeddable":true,"href":"https:\/\/mediarun.com\/pl\/wp-json\/wp\/v2\/categories?post=82971"},{"taxonomy":"post_tag","embeddable":true,"href":"https:\/\/mediarun.com\/pl\/wp-json\/wp\/v2\/tags?post=82971"}],"curies":[{"name":"wp","href":"https:\/\/api.w.org\/{rel}","templated":true}]}}