{"id":82969,"date":"2005-12-30T15:07:21","date_gmt":"2005-12-30T14:07:21","guid":{"rendered":"https:\/\/mediarun.com\/index.php\/news-posts\/zmiany-w-ramowce-tvp1\/"},"modified":"2005-12-30T15:07:21","modified_gmt":"2005-12-30T14:07:21","slug":"zmiany-w-ramowce-tvp1","status":"publish","type":"post","link":"https:\/\/mediarun.com\/pl\/media\/tv\/zmiany-w-ramowce-tvp1.html","title":{"rendered":"Zmiany w ram\u00f3wce TVP1"},"content":{"rendered":"<p>W niedziel\u0119 po Teleexpresie rusza nowe pasmo w kt\u00f3rym zaplanowana jest emisja film\u00f3w fabularnych. Jako pierwszy film, 8 stycznia 2006 r. zobaczymy &#8222;Modelk\u0119 na medal&#8221; w re\u017c. Marka Rosmana. W pi\u0105tek o 20.15 rusza nowy cykl pod nazw\u0105 &#8222;Pi\u0105tkowe Kino Akcji&#8221;. Pierwszym filmem wyemitowanym w tym pa\u015bmie b\u0119dzie &#8222;Kolumb Odkrywca&#8221; w re\u017c. Johna Glena (emisja 6 stycznia 2006r ) potem kolejno &#8222;Z\u0142oto dla naiwnych&#8221; i &#8222;U-571&#8221;. W cyklu tym widzowie b\u0119d\u0105 mogli zobaczy\u0107 filmy o bardzo r\u00f3\u017cnej tematyce &#8211; historyczne, wojenne i typowe filmy akcji. <\/p>\n<p>W niedziel\u0119, po Uczcie kinomana, Jedynka emitowa\u0107 b\u0119dzie nowy cykl pod nazw\u0105 &#8222;Kolekcja kinomana&#8221;. Jako pierwszy zobaczymy obraz w re\u017c. ]Milosa Formana pt. &#8222;Czarny Piotru\u015b&#8221; ( emisja 8 stycznia 2006r o godz. 01.15 ). Kolejnym &#8222;Mi\u0142o\u015b\u0107 blondynki&#8221;. W Kolekcji kinomana b\u0119dziemy pokazywa\u0107 klasyk\u0119 filmow\u0105. Dzie\u0142a wybitne, filmy wielkich, \u015bwiatowej klasy re\u017cyser\u00f3w.<\/p>\n<p>Zmiany obejm\u0105 te\u017c seriale Jedynki. &#8222;Sejf&#8221; b\u0119dzie emitowany w pi\u0105tki o 18:10, &#8222;Warto kocha\u0107&#8221; w pi\u0105tki i soboty o 17:20, a &#8222;Moda na sukces&#8221; o 16:00 od poniedzia\u0142ku do pi\u0105tku. Nie b\u0119dzie powt\u00f3rek porannych. <\/p>\n","protected":false},"excerpt":{"rendered":"Z pocz\u0105tkiem roku Telewizja Polska wprowadza kosmetyczne zmiany w swojej ram\u00f3wce. Ekonomiczny magazyn &#8222;Plus minus&#8221; b\u0119dzie emitowany w \u015brody o 23:30, a nie we wtorki, jak dotychczas. Zim\u0105 w telewizji publicznej zobaczymy wi\u0119cej film\u00f3w.","protected":false},"author":1,"featured_media":82970,"comment_status":"open","ping_status":"closed","sticky":false,"template":"","format":"standard","meta":{"csco_display_header_overlay":false,"csco_singular_sidebar":"","csco_page_header_type":"","csco_page_load_nextpost":"","csco_post_video_location":[],"csco_post_video_location_hash":"","csco_post_video_url":"","csco_post_video_bg_start_time":0,"csco_post_video_bg_end_time":0,"footnotes":""},"categories":[9670],"tags":[],"class_list":{"0":"post-82969","1":"post","2":"type-post","3":"status-publish","4":"format-standard","5":"has-post-thumbnail","7":"category-tv","8":"cs-entry","9":"cs-video-wrap"},"_links":{"self":[{"href":"https:\/\/mediarun.com\/pl\/wp-json\/wp\/v2\/posts\/82969","targetHints":{"allow":["GET"]}}],"collection":[{"href":"https:\/\/mediarun.com\/pl\/wp-json\/wp\/v2\/posts"}],"about":[{"href":"https:\/\/mediarun.com\/pl\/wp-json\/wp\/v2\/types\/post"}],"author":[{"embeddable":true,"href":"https:\/\/mediarun.com\/pl\/wp-json\/wp\/v2\/users\/1"}],"replies":[{"embeddable":true,"href":"https:\/\/mediarun.com\/pl\/wp-json\/wp\/v2\/comments?post=82969"}],"version-history":[{"count":0,"href":"https:\/\/mediarun.com\/pl\/wp-json\/wp\/v2\/posts\/82969\/revisions"}],"wp:featuredmedia":[{"embeddable":true,"href":"https:\/\/mediarun.com\/pl\/wp-json\/wp\/v2\/media\/82970"}],"wp:attachment":[{"href":"https:\/\/mediarun.com\/pl\/wp-json\/wp\/v2\/media?parent=82969"}],"wp:term":[{"taxonomy":"category","embeddable":true,"href":"https:\/\/mediarun.com\/pl\/wp-json\/wp\/v2\/categories?post=82969"},{"taxonomy":"post_tag","embeddable":true,"href":"https:\/\/mediarun.com\/pl\/wp-json\/wp\/v2\/tags?post=82969"}],"curies":[{"name":"wp","href":"https:\/\/api.w.org\/{rel}","templated":true}]}}