{"id":82958,"date":"2005-12-30T20:01:18","date_gmt":"2005-12-30T19:01:18","guid":{"rendered":"https:\/\/mediarun.com\/index.php\/news-posts\/prezydent-podpisal-ustawe-medialna\/"},"modified":"2005-12-30T20:01:18","modified_gmt":"2005-12-30T19:01:18","slug":"prezydent-podpisal-ustawe-medialna","status":"publish","type":"post","link":"https:\/\/mediarun.com\/pl\/media\/tv\/prezydent-podpisal-ustawe-medialna.html","title":{"rendered":"Prezydent podpisa\u0142 ustaw\u0119 medialn\u0105"},"content":{"rendered":"<p>Zgodnie ze znowelizowan\u0105 ustaw\u0105, Krajowa Rada Radiofonii i Telewizji b\u0119dzie liczy\u0142a pi\u0119ciu cz\u0142onk\u00f3w zamiast dziewi\u0119ciu. Jej przewodnicz\u0105cego &#8211; z grona cz\u0142onk\u00f3w Rady &#8211; b\u0119dzie powo\u0142ywa\u0142 prezydent. Kadencja KRRiT b\u0119dzie trwa\u0142a sze\u015b\u0107 lat. <\/p>\n<p>Ustawa umo\u017cliwia te\u017c niemal automatyczne przed\u0142u\u017cenie koncesji nadawc\u00f3w spo\u0142ecznych. Z takiego statusu korzysta w Polsce mi\u0119dzy innymi, Radio Maryja. Do zada\u0144 Krajowej Rady dopisano &#8222;inicjowanie i podejmowanie dzia\u0142a\u0144 w zakresie ochrony zasad etyki dziennikarskiej&#8221;. <\/p>\n<p>Nowelizacja przewiduje te\u017c, \u017ce zostanie zlikwidowany Urz\u0105d Regulacji Telekomunikacji i Poczty. W jego miejsce ma powsta\u0107 Urz\u0105d Komunikacji Elektronicznej, kt\u00f3ry przejmie cz\u0119\u015b\u0107 uprawnie\u0144 Krajowej Rady.<\/p>\n<p>Ustawa zostanie opublikowana w Dzienniku Ustaw prawdopodobnie jeszcze w tym roku.<\/p>\n<p>SLD zapowiedzia\u0142o, \u017ce zaskar\u017cy ustaw\u0119 do Trybuna\u0142u Konstytucyjnego. Zdaniem Sojuszu, narusza ona konstytucyjn\u0105 zasad\u0119 r\u00f3wno\u015bci oraz zakaz stosowania cenzury prewencyjnej. Chodzi o zapisy dotycz\u0105ce nadawc\u00f3w spo\u0142ecznych oraz dzia\u0142alno\u015bci Krajowej Rady w zakresie etyki dziennikarskiej. Zaskar\u017cenie ustawy do Trybuna\u0142u rozwa\u017ca tak\u017ce Platforma Obywatelska.<\/p>\n","protected":false},"excerpt":{"rendered":"Prezydent Lech Kaczy\u0144ski podpisa\u0142 w pi\u0105tek wieczorem nowelizacje trzech ustaw medialnych. Chodzi tu o ustawy: o radiofonii i telewizji, prawo pocztowe i prawo telekomunikacyjne &#8211; poinformowa\u0142a Informacyjna Agencja Radiowa.","protected":false},"author":1,"featured_media":0,"comment_status":"open","ping_status":"closed","sticky":false,"template":"","format":"standard","meta":{"csco_display_header_overlay":false,"csco_singular_sidebar":"","csco_page_header_type":"","csco_page_load_nextpost":"","csco_post_video_location":[],"csco_post_video_location_hash":"","csco_post_video_url":"","csco_post_video_bg_start_time":0,"csco_post_video_bg_end_time":0,"footnotes":""},"categories":[9670],"tags":[],"class_list":{"0":"post-82958","1":"post","2":"type-post","3":"status-publish","4":"format-standard","6":"category-tv","7":"cs-entry","8":"cs-video-wrap"},"_links":{"self":[{"href":"https:\/\/mediarun.com\/pl\/wp-json\/wp\/v2\/posts\/82958","targetHints":{"allow":["GET"]}}],"collection":[{"href":"https:\/\/mediarun.com\/pl\/wp-json\/wp\/v2\/posts"}],"about":[{"href":"https:\/\/mediarun.com\/pl\/wp-json\/wp\/v2\/types\/post"}],"author":[{"embeddable":true,"href":"https:\/\/mediarun.com\/pl\/wp-json\/wp\/v2\/users\/1"}],"replies":[{"embeddable":true,"href":"https:\/\/mediarun.com\/pl\/wp-json\/wp\/v2\/comments?post=82958"}],"version-history":[{"count":0,"href":"https:\/\/mediarun.com\/pl\/wp-json\/wp\/v2\/posts\/82958\/revisions"}],"wp:attachment":[{"href":"https:\/\/mediarun.com\/pl\/wp-json\/wp\/v2\/media?parent=82958"}],"wp:term":[{"taxonomy":"category","embeddable":true,"href":"https:\/\/mediarun.com\/pl\/wp-json\/wp\/v2\/categories?post=82958"},{"taxonomy":"post_tag","embeddable":true,"href":"https:\/\/mediarun.com\/pl\/wp-json\/wp\/v2\/tags?post=82958"}],"curies":[{"name":"wp","href":"https:\/\/api.w.org\/{rel}","templated":true}]}}