{"id":82953,"date":"2005-12-31T13:26:28","date_gmt":"2005-12-31T12:26:28","guid":{"rendered":"https:\/\/mediarun.com\/index.php\/news-posts\/zmiana-w-radiu-plus\/"},"modified":"2005-12-31T13:26:28","modified_gmt":"2005-12-31T12:26:28","slug":"zmiana-w-radiu-plus","status":"publish","type":"post","link":"https:\/\/mediarun.com\/pl\/media\/radio\/zmiana-w-radiu-plus.html","title":{"rendered":"Zmiana w Radiu Plus"},"content":{"rendered":"<p>Piotr \u0141\u0119gowski od 1 stycznia jest dyrektorem programowym sieci Vox FM. &#8211; Sam odszed\u0142em z Plusa &#8211; m\u00f3wi nam.<\/p>\n<p>Rafa\u0142 Porzezi\u0144ski prowadzi\u0142 m.in. program &#8222;Widzialne i Niewidzialne&#8221; w telewizji Puls oraz poranny program w Radiu J\u00f3zef.<\/p>\n","protected":false},"excerpt":{"rendered":"Rafa\u0142 Porzezi\u0144ski od niedzieli b\u0119dzie nowym dyrektorem programowym sieci Radia Plus &#8211; poinformowa\u0142o Radio Plus Kielce na swojej stronie internetowej. Zast\u0105pi na tym stanowisku Piotra \u0141\u0119gowskiego, kt\u00f3ry pe\u0142ni t\u0105 funkcj\u0119 od pa\u017adziernika.","protected":false},"author":1,"featured_media":82954,"comment_status":"open","ping_status":"closed","sticky":false,"template":"","format":"standard","meta":{"csco_display_header_overlay":false,"csco_singular_sidebar":"","csco_page_header_type":"","csco_page_load_nextpost":"","csco_post_video_location":[],"csco_post_video_location_hash":"","csco_post_video_url":"","csco_post_video_bg_start_time":0,"csco_post_video_bg_end_time":0,"footnotes":""},"categories":[9672],"tags":[],"class_list":{"0":"post-82953","1":"post","2":"type-post","3":"status-publish","4":"format-standard","5":"has-post-thumbnail","7":"category-radio","8":"cs-entry","9":"cs-video-wrap"},"_links":{"self":[{"href":"https:\/\/mediarun.com\/pl\/wp-json\/wp\/v2\/posts\/82953","targetHints":{"allow":["GET"]}}],"collection":[{"href":"https:\/\/mediarun.com\/pl\/wp-json\/wp\/v2\/posts"}],"about":[{"href":"https:\/\/mediarun.com\/pl\/wp-json\/wp\/v2\/types\/post"}],"author":[{"embeddable":true,"href":"https:\/\/mediarun.com\/pl\/wp-json\/wp\/v2\/users\/1"}],"replies":[{"embeddable":true,"href":"https:\/\/mediarun.com\/pl\/wp-json\/wp\/v2\/comments?post=82953"}],"version-history":[{"count":0,"href":"https:\/\/mediarun.com\/pl\/wp-json\/wp\/v2\/posts\/82953\/revisions"}],"wp:featuredmedia":[{"embeddable":true,"href":"https:\/\/mediarun.com\/pl\/wp-json\/wp\/v2\/media\/82954"}],"wp:attachment":[{"href":"https:\/\/mediarun.com\/pl\/wp-json\/wp\/v2\/media?parent=82953"}],"wp:term":[{"taxonomy":"category","embeddable":true,"href":"https:\/\/mediarun.com\/pl\/wp-json\/wp\/v2\/categories?post=82953"},{"taxonomy":"post_tag","embeddable":true,"href":"https:\/\/mediarun.com\/pl\/wp-json\/wp\/v2\/tags?post=82953"}],"curies":[{"name":"wp","href":"https:\/\/api.w.org\/{rel}","templated":true}]}}