{"id":82949,"date":"2006-01-01T18:07:32","date_gmt":"2006-01-01T17:07:32","guid":{"rendered":"https:\/\/mediarun.com\/index.php\/news-posts\/waniek-apeluje-do-rzecznika\/"},"modified":"2006-01-01T18:07:32","modified_gmt":"2006-01-01T17:07:32","slug":"waniek-apeluje-do-rzecznika","status":"publish","type":"post","link":"https:\/\/mediarun.com\/pl\/media\/tv\/waniek-apeluje-do-rzecznika.html","title":{"rendered":"Waniek apeluje do Rzecznika"},"content":{"rendered":"<p>&#8211; Podpisuj\u0105c ustaw\u0119, a tym samym wyra\u017caj\u0105c zgod\u0119 na natychmiastowe wej\u015bcie jej w \u017cycie, Prezydent RP Lech Kaczy\u0144ski zawiesi\u0142 Art. 213 Konstytucji RP, przyj\u0119tej w drodze referendum og\u00f3lnonarodowego &#8211; pisze Danuta Waniek w specjalnym o\u015bwiadczeniu.<\/p>\n<p>&#8211; Krajowa Rada Radiofonii i Telewizji jest organem rangi konstytucyjnej, st\u0105d te\u017c jego kadencja podlega szczeg\u00f3lnej ochronie konstytucyjnej, tak aby w przypadku wprowadzonych przez ustaw\u0119 zmian zapewni\u0107 ci\u0105g\u0142o\u015b\u0107 jej funkcjonowania ze wzgl\u0119du na strze\u017cone przez ni\u0105 dobra obywatelskie &#8211; takie jak wolno\u015b\u0107 s\u0142owa, prawo do informacji oraz interes publiczny w radiofonii i telewizji &#8211; czytamy w o\u015bwiadczeniu przewodnicz\u0105cej KRRiT.<\/p>\n<p>Konstytucja w artykule 2008 wskaza\u0142a wzorce, jak nale\u017cy konstruowa\u0107 zasady przej\u015bciowe w odniesieniu do kadencji konstytucyjnych organ\u00f3w pa\u0144stwa, po to, aby w okre\u015blonej przez nie przestrzeni prawnej nie zapanowa\u0142o swoistego rodzaju &#8222;bezkr\u00f3lewie&#8221;. &#8211; Zasady te zosta\u0142y pogwa\u0142cone. Najpierw przez parlamentarne kluby PiS, LPR, Samoobrony, a potem ten sam stosunek do litery Konstytucji przypiecz\u0119towany zosta\u0142 podpisem Prezydenta RP &#8211; pisze Danuta Waniek.<\/p>\n<p>&#8211; Zaznaczam, \u017ce w ostatnich miesi\u0105cach cz\u0142onkowie KRRiT wielokrotnie podkre\u015blali potrzeb\u0119 stworzenia nowego prawa medialnego, nigdy jednak nie zak\u0142adali, \u017ce zmiany dokonaj\u0105 si\u0119 w spos\u00f3b przypominaj\u0105cy klimat stanu wyj\u0105tkowego &#8211; czytamy w o\u015bwiadczeniu.<\/p>\n<p>Danuta Waniek ze wzgl\u0119du na pogwa\u0142cenie konstytucji i z\u0142amanie wszelkich regu\u0142 techniki legislacyjnej w konstruowaniu nowych przepis\u00f3w dotycz\u0105cych organu konstytucyjnego (podyktowanych nieukrywanymi intencjami politycznymi) zwraca si\u0119 do wszystkich instytucji, kt\u00f3rych pozycja ustawowa ma na celu ochron\u0119 obowi\u0105zuj\u0105cego prawa o reakcj\u0119 na te dzia\u0142ania. <\/p>\n","protected":false},"excerpt":{"rendered":"Przewodnicz\u0105ca KRRiT, Danuta Waniek zwraca si\u0119 do Rzecznika Praw Obywatelskich Andrzeja Zolla o jak najszybsze wniesienie skargi do Trybuna\u0142u Konstytucyjnego, w sprawie zgodno\u015bci z obowi\u0105zuj\u0105c\u0105 konstytucj\u0105, zar\u00f3wno tre\u015bci nowelizacji ustawy medialnej, jak i kreowanej wok\u00f3\u0142 niej praktyki politycznej.","protected":false},"author":1,"featured_media":82950,"comment_status":"open","ping_status":"closed","sticky":false,"template":"","format":"standard","meta":{"csco_display_header_overlay":false,"csco_singular_sidebar":"","csco_page_header_type":"","csco_page_load_nextpost":"","csco_post_video_location":[],"csco_post_video_location_hash":"","csco_post_video_url":"","csco_post_video_bg_start_time":0,"csco_post_video_bg_end_time":0,"footnotes":""},"categories":[9670],"tags":[],"class_list":{"0":"post-82949","1":"post","2":"type-post","3":"status-publish","4":"format-standard","5":"has-post-thumbnail","7":"category-tv","8":"cs-entry","9":"cs-video-wrap"},"_links":{"self":[{"href":"https:\/\/mediarun.com\/pl\/wp-json\/wp\/v2\/posts\/82949","targetHints":{"allow":["GET"]}}],"collection":[{"href":"https:\/\/mediarun.com\/pl\/wp-json\/wp\/v2\/posts"}],"about":[{"href":"https:\/\/mediarun.com\/pl\/wp-json\/wp\/v2\/types\/post"}],"author":[{"embeddable":true,"href":"https:\/\/mediarun.com\/pl\/wp-json\/wp\/v2\/users\/1"}],"replies":[{"embeddable":true,"href":"https:\/\/mediarun.com\/pl\/wp-json\/wp\/v2\/comments?post=82949"}],"version-history":[{"count":0,"href":"https:\/\/mediarun.com\/pl\/wp-json\/wp\/v2\/posts\/82949\/revisions"}],"wp:featuredmedia":[{"embeddable":true,"href":"https:\/\/mediarun.com\/pl\/wp-json\/wp\/v2\/media\/82950"}],"wp:attachment":[{"href":"https:\/\/mediarun.com\/pl\/wp-json\/wp\/v2\/media?parent=82949"}],"wp:term":[{"taxonomy":"category","embeddable":true,"href":"https:\/\/mediarun.com\/pl\/wp-json\/wp\/v2\/categories?post=82949"},{"taxonomy":"post_tag","embeddable":true,"href":"https:\/\/mediarun.com\/pl\/wp-json\/wp\/v2\/tags?post=82949"}],"curies":[{"name":"wp","href":"https:\/\/api.w.org\/{rel}","templated":true}]}}