{"id":82946,"date":"2006-01-01T21:13:33","date_gmt":"2006-01-01T20:13:33","guid":{"rendered":"https:\/\/mediarun.com\/index.php\/news-posts\/zmiana-w-poranku-radia-jozef\/"},"modified":"2006-01-01T21:13:33","modified_gmt":"2006-01-01T20:13:33","slug":"zmiana-w-poranku-radia-jozef","status":"publish","type":"post","link":"https:\/\/mediarun.com\/pl\/media\/radio\/zmiana-w-poranku-radia-jozef.html","title":{"rendered":"Zmiana w poranku Radia J\u00f3zef"},"content":{"rendered":"<p>Zmiana w poranku spowodowana jest odej\u015bciem z rozg\u0142o\u015bni Rafa\u0142a Porzezi\u0144skiego, kt\u00f3ry obj\u0105\u0142 stanowisko dyrektora programowego sieci Radia Plus.<\/p>\n<p>Paulina Iwi\u0144ska jest autork\u0105 audycji Radia J\u00f3zef &#8222;Dekalog wsp\u00f3\u0142czesnych&#8221;, &#8222;Kwiatki \u015awi\u0119tego Franciszka&#8221; i &#8222;Echo psalmu&#8221;.<\/p>\n<p>Marek Jaromski prowadzi w Radiu J\u00f3zef programy &#8222;Eteryczna Akademia Sztuki&#8221;, &#8222;Oto Cz\u0142owiek&#8221; i &#8222;Rozmowy na chmurze&#8221;. W telewizji Puls by\u0142 gospodarzem programu &#8222;Anio\u0142 przychodzi wieczorem&#8221;.<\/p>\n","protected":false},"excerpt":{"rendered":"Paulina Iwi\u0144ska oraz Marek Jaromski s\u0105 nowymi prowadz\u0105cymi poranny program w Radiu J\u00f3zef. Iwi\u0144ska jest gospodarzem audycji w katolickim radiu archidiecezji warszawskiej w poniedzia\u0142ki i wtorki, a Jaromski &#8211; w \u015brody, czwartki i pi\u0105tki.","protected":false},"author":1,"featured_media":0,"comment_status":"open","ping_status":"closed","sticky":false,"template":"","format":"standard","meta":{"csco_display_header_overlay":false,"csco_singular_sidebar":"","csco_page_header_type":"","csco_page_load_nextpost":"","csco_post_video_location":[],"csco_post_video_location_hash":"","csco_post_video_url":"","csco_post_video_bg_start_time":0,"csco_post_video_bg_end_time":0,"footnotes":""},"categories":[9672],"tags":[],"class_list":{"0":"post-82946","1":"post","2":"type-post","3":"status-publish","4":"format-standard","6":"category-radio","7":"cs-entry","8":"cs-video-wrap"},"_links":{"self":[{"href":"https:\/\/mediarun.com\/pl\/wp-json\/wp\/v2\/posts\/82946","targetHints":{"allow":["GET"]}}],"collection":[{"href":"https:\/\/mediarun.com\/pl\/wp-json\/wp\/v2\/posts"}],"about":[{"href":"https:\/\/mediarun.com\/pl\/wp-json\/wp\/v2\/types\/post"}],"author":[{"embeddable":true,"href":"https:\/\/mediarun.com\/pl\/wp-json\/wp\/v2\/users\/1"}],"replies":[{"embeddable":true,"href":"https:\/\/mediarun.com\/pl\/wp-json\/wp\/v2\/comments?post=82946"}],"version-history":[{"count":0,"href":"https:\/\/mediarun.com\/pl\/wp-json\/wp\/v2\/posts\/82946\/revisions"}],"wp:attachment":[{"href":"https:\/\/mediarun.com\/pl\/wp-json\/wp\/v2\/media?parent=82946"}],"wp:term":[{"taxonomy":"category","embeddable":true,"href":"https:\/\/mediarun.com\/pl\/wp-json\/wp\/v2\/categories?post=82946"},{"taxonomy":"post_tag","embeddable":true,"href":"https:\/\/mediarun.com\/pl\/wp-json\/wp\/v2\/tags?post=82946"}],"curies":[{"name":"wp","href":"https:\/\/api.w.org\/{rel}","templated":true}]}}