{"id":82935,"date":"2006-01-02T06:00:00","date_gmt":"2006-01-02T05:00:00","guid":{"rendered":"https:\/\/mediarun.com\/index.php\/news-posts\/dyrektor-tvp3-katowice-zawieszony\/"},"modified":"2006-01-02T06:00:00","modified_gmt":"2006-01-02T05:00:00","slug":"dyrektor-tvp3-katowice-zawieszony","status":"publish","type":"post","link":"https:\/\/mediarun.com\/pl\/ludzie\/awanse\/dyrektor-tvp3-katowice-zawieszony.html","title":{"rendered":"Dyrektor TVP3 Katowice zawieszony"},"content":{"rendered":"<p><P>Prokuratura stawia W. zarzuty wy\u0142udzenia i niegospodarno\u015bci &#8211; dotycz\u0105 one okresu, kiedy W. by\u0142 wiceprezesem Centrum Szkolenia i Adaptacji Zawodowej w Bytomiu.<\/P><br \/>\n<P>Centrum Szkolenia i Adaptacji Zawodowej w Bytomiu (CSziAZ) powsta\u0142o, by przeprowadza\u0107 obligatoryjne szkolenia BHP dla g\u00f3rnik\u00f3w i inne kursy specjalistyczne. P\u00f3\u017aniej zarz\u0105d zacz\u0105\u0142 zmienia\u0107 profil firmy na szkoleniowo-konsultingowy. Mia\u0142a ona \u015bwiadczy\u0107 us\u0142ugi ju\u017c nie tylko dla bran\u017cy g\u00f3rniczej, m.in. za pieni\u0105dze z UE.<\/P><br \/>\n<P>Zdaniem prokuratury, w latach 2002 i 2003 W. oraz dwaj inni cz\u0142onkowie zarz\u0105du, staraj\u0105c si\u0119 o \u015brodki na szkolenia zawodowe w ramach funduszu Phare, przed\u0142o\u017cyli dokumenty zawieraj\u0105ce nieprawdziwe informacje o sp\u00f3\u0142ce. <\/P><br \/>\n<P>Drugi zarzut postawiony W. to niegospodarno\u015b\u0107. Chodzi o zakup trzech opracowa\u0144 program\u00f3w szkoleniowych, kt\u00f3re nigdy nie zosta\u0142y wykorzystane. W ten spos\u00f3b zarz\u0105d &#8211; zdaniem&nbsp; prokuratury &#8211; narazi\u0142 sp\u00f3\u0142k\u0119 na strat\u0119 340 tys. z\u0142. <\/P><br \/>\n<P>Za zarzucane mu przest\u0119pstwa mo\u017ce grozi\u0107 do 10 lat wi\u0119zienia. Pe\u0142nienie obowi\u0105zk\u00f3w dyrektora oddzia\u0142u TVP w Katowicach zarz\u0105d sp\u00f3\u0142ki powierzy\u0142 Krzysztofowi Tch\u00f3rzewskiemu. <\/P><\/p>\n","protected":false},"excerpt":{"rendered":"Zarz\u0105d Telewizji Polskiej w pi\u0105tek zawiesi\u0142 w pe\u0142nieniu obowi\u0105zk\u00f3w na trzy miesi\u0105ce dyrektora katowickiego oddzia\u0142u TVP Macieja W.","protected":false},"author":1,"featured_media":82936,"comment_status":"open","ping_status":"closed","sticky":false,"template":"","format":"standard","meta":{"csco_display_header_overlay":false,"csco_singular_sidebar":"","csco_page_header_type":"","csco_page_load_nextpost":"","csco_post_video_location":[],"csco_post_video_location_hash":"","csco_post_video_url":"","csco_post_video_bg_start_time":0,"csco_post_video_bg_end_time":0,"footnotes":""},"categories":[9678],"tags":[],"class_list":{"0":"post-82935","1":"post","2":"type-post","3":"status-publish","4":"format-standard","5":"has-post-thumbnail","7":"category-awanse","8":"cs-entry","9":"cs-video-wrap"},"_links":{"self":[{"href":"https:\/\/mediarun.com\/pl\/wp-json\/wp\/v2\/posts\/82935","targetHints":{"allow":["GET"]}}],"collection":[{"href":"https:\/\/mediarun.com\/pl\/wp-json\/wp\/v2\/posts"}],"about":[{"href":"https:\/\/mediarun.com\/pl\/wp-json\/wp\/v2\/types\/post"}],"author":[{"embeddable":true,"href":"https:\/\/mediarun.com\/pl\/wp-json\/wp\/v2\/users\/1"}],"replies":[{"embeddable":true,"href":"https:\/\/mediarun.com\/pl\/wp-json\/wp\/v2\/comments?post=82935"}],"version-history":[{"count":0,"href":"https:\/\/mediarun.com\/pl\/wp-json\/wp\/v2\/posts\/82935\/revisions"}],"wp:featuredmedia":[{"embeddable":true,"href":"https:\/\/mediarun.com\/pl\/wp-json\/wp\/v2\/media\/82936"}],"wp:attachment":[{"href":"https:\/\/mediarun.com\/pl\/wp-json\/wp\/v2\/media?parent=82935"}],"wp:term":[{"taxonomy":"category","embeddable":true,"href":"https:\/\/mediarun.com\/pl\/wp-json\/wp\/v2\/categories?post=82935"},{"taxonomy":"post_tag","embeddable":true,"href":"https:\/\/mediarun.com\/pl\/wp-json\/wp\/v2\/tags?post=82935"}],"curies":[{"name":"wp","href":"https:\/\/api.w.org\/{rel}","templated":true}]}}