{"id":82919,"date":"2006-01-02T06:00:00","date_gmt":"2006-01-02T05:00:00","guid":{"rendered":"https:\/\/mediarun.com\/index.php\/news-posts\/tv4-prezes-na-emeryture\/"},"modified":"2006-01-02T06:00:00","modified_gmt":"2006-01-02T05:00:00","slug":"tv4-prezes-na-emeryture","status":"publish","type":"post","link":"https:\/\/mediarun.com\/pl\/ludzie\/awanse\/tv4-prezes-na-emeryture.html","title":{"rendered":"TV4: Prezes na emerytur\u0119"},"content":{"rendered":"<p><P>nowego prezesa TV4 przez Rad\u0119 Nadzorcz\u0105 Polskich Medi\u00f3w S.A. stacj\u0105 kierowa\u0142 b\u0119dzie dotychczasowy wice-prezes TV4, Mariusz Walkiewicz.<\/P><br \/>\n<P>Barbara Trzeciak-Pietkiewicz by\u0142a prezesem zarz\u0105du TV4 od 2003 roku. Uko\u0144czy\u0142a prawo na Uniwersytecie Wroc\u0142awskim. Karier\u0119 zawodow\u0105 rozpoczyna\u0142a w Polskim Radiu we Wroc\u0142awiu, p\u00f3\u017aniej po\u015bwi\u0119ci\u0142a si\u0119 dziennikarstwu telewizyjnemu. Od 1978 roku by\u0142a sekretarzem programowym Telewizji Wroc\u0142aw. W stanie wojennym zwolniona z telewizji i internowana. W 1989 roku cz\u0142onek Komitetu Obywatelskiego &#8222;Solidarno\u015b\u0107&#8221;, prowadzi\u0142a wroc\u0142awskie &#8222;Studio Solidarno\u015b\u0107&#8221;. <\/P><br \/>\n<P>Od 1990 roku Dyrektor Radia i Telewizji we Wroc\u0142awiu&nbsp;&#8211; w ci\u0105gu roku zreformowa\u0142a OTV Wroc\u0142aw i doprowadzi\u0142a stacj\u0119 do I miejsca w\u015br\u00f3d regionalnych o\u015brodk\u00f3w w kraju. W 1991 r. powo\u0142ana przez Mariana Terleckiego na stanowisko dyrektora Programu 2 TVP, z kt\u00f3rej odesz\u0142a na w\u0142asn\u0105 pro\u015bb\u0119. <\/P><br \/>\n<P>Organizatorka i pierwszy dyrektor programowy Telewizji Polsat, w kt\u00f3rej pracowa\u0142a do roku 2003.<\/P><\/p>\n","protected":false},"excerpt":{"rendered":"Z dniem 1 stycznia 2006 roku prezes zarz\u0105du TV4, Barbara Trzeciak-Pietkiewicz, odchodzi na emerytur\u0119. Do chwili wyznaczenia&#8230;","protected":false},"author":1,"featured_media":82920,"comment_status":"open","ping_status":"closed","sticky":false,"template":"","format":"standard","meta":{"csco_display_header_overlay":false,"csco_singular_sidebar":"","csco_page_header_type":"","csco_page_load_nextpost":"","csco_post_video_location":[],"csco_post_video_location_hash":"","csco_post_video_url":"","csco_post_video_bg_start_time":0,"csco_post_video_bg_end_time":0,"footnotes":""},"categories":[9678],"tags":[],"class_list":{"0":"post-82919","1":"post","2":"type-post","3":"status-publish","4":"format-standard","5":"has-post-thumbnail","7":"category-awanse","8":"cs-entry","9":"cs-video-wrap"},"_links":{"self":[{"href":"https:\/\/mediarun.com\/pl\/wp-json\/wp\/v2\/posts\/82919","targetHints":{"allow":["GET"]}}],"collection":[{"href":"https:\/\/mediarun.com\/pl\/wp-json\/wp\/v2\/posts"}],"about":[{"href":"https:\/\/mediarun.com\/pl\/wp-json\/wp\/v2\/types\/post"}],"author":[{"embeddable":true,"href":"https:\/\/mediarun.com\/pl\/wp-json\/wp\/v2\/users\/1"}],"replies":[{"embeddable":true,"href":"https:\/\/mediarun.com\/pl\/wp-json\/wp\/v2\/comments?post=82919"}],"version-history":[{"count":0,"href":"https:\/\/mediarun.com\/pl\/wp-json\/wp\/v2\/posts\/82919\/revisions"}],"wp:featuredmedia":[{"embeddable":true,"href":"https:\/\/mediarun.com\/pl\/wp-json\/wp\/v2\/media\/82920"}],"wp:attachment":[{"href":"https:\/\/mediarun.com\/pl\/wp-json\/wp\/v2\/media?parent=82919"}],"wp:term":[{"taxonomy":"category","embeddable":true,"href":"https:\/\/mediarun.com\/pl\/wp-json\/wp\/v2\/categories?post=82919"},{"taxonomy":"post_tag","embeddable":true,"href":"https:\/\/mediarun.com\/pl\/wp-json\/wp\/v2\/tags?post=82919"}],"curies":[{"name":"wp","href":"https:\/\/api.w.org\/{rel}","templated":true}]}}