{"id":82915,"date":"2006-01-02T10:53:17","date_gmt":"2006-01-02T09:53:17","guid":{"rendered":"https:\/\/mediarun.com\/index.php\/news-posts\/kunica-do-odstrzalu\/"},"modified":"2006-01-02T10:53:17","modified_gmt":"2006-01-02T09:53:17","slug":"kunica-do-odstrzalu","status":"publish","type":"post","link":"https:\/\/mediarun.com\/pl\/media\/tv\/kunica-do-odstrzalu.html","title":{"rendered":"Kunica do odstrza\u0142u?"},"content":{"rendered":"<p>&#8211; Obowi\u0105zkiem TVP nie jest afirmacja dzia\u0142a\u0144 rz\u0105du, ale przedstawianie r\u00f3\u017cnych ocen &#8211; m\u00f3wi &#8222;Gazecie Wyborczej&#8221; prezes TVP Jan Dworak. To odpowiedzie\u0107 szefa telewizji publicznej na protest rzecznika rz\u0105du Konrada Ciesio\u0142kiewicza w sprawie materia\u0142u &#8222;Wiadomo\u015bci&#8221; o decyzji rz\u0105du przed\u0142u\u017caj\u0105cej nasz\u0105 wojskow\u0105 misj\u0119 w Iraku. Ciesio\u0142kiewicz twierdzi, \u017ce autor tego materia\u0142u Miko\u0142aj Kunica &#8222;stworzy\u0142 stronniczy i agresywny obraz rzeczywisto\u015bci zak\u0142adaj\u0105cy z\u0142\u0105 wol\u0119 rz\u0105du&#8221;.<\/p>\n<p>-Co by\u0142o w tym materiale? By\u0142a to pierwsza informacja w g\u0142\u00f3wnym wydaniu &#8222;Wiadomo\u015bci&#8221; 27 grudnia. Tego dnia rz\u0105d podj\u0105\u0142 decyzj\u0119, \u017ce nasze wojska jeszcze zostan\u0105 w Iraku, i przes\u0142a\u0142 wniosek w tej sprawie do prezydenta. W materiale wypowiada\u0142 si\u0119 dwa razy premier: \u017ce o pozostanie naszych \u017co\u0142nierzy w Iraku prosi\u0142y irackie w\u0142adze i \u017ce nasza wsp\u00f3\u0142praca gospodarcza z Irakiem b\u0119dzie zintensyfikowana. Potem by\u0142a \u017cona i c\u00f3rka jednego z \u017co\u0142nierzy, kt\u00f3ry s\u0142u\u017cy w Iraku, m\u00f3wi\u0142y, \u017ce t\u0119skni\u0105. Potem Kunica przypomnia\u0142, \u017ce wszyscy jad\u0105 do Iraku na ochotnika, \u017ce s\u0142u\u017cymy tam ju\u017c dwa i p\u00f3\u0142 roku i \u017ce w tym czasie zgin\u0119\u0142o 17 \u017co\u0142nierzy i czterech cywil\u00f3w. Poinformowa\u0142 te\u017c, kto ju\u017c si\u0119 z Iraku wycofa\u0142, a kto zmniejszy swoje kontyngenty. Na koniec komentowa\u0142, \u017ce dla rz\u0105du uzasadnianie naszej obecno\u015bci w Iraku staje si\u0119 coraz trudniejsze. &#8211; czytamy w &#8222;Gazecie Wyborczej&#8221;<\/p>\n<p>Szef &#8222;Wiadomo\u015bci&#8221; Robert Kozak broni swego reportera na \u0142amach &#8222;Gazety Wyborczej&#8221;: &#8211; Nie manipulowali\u015bmy faktami, my je podali\u015bmy.<\/p>\n<p>I przypomina, \u017ce &#8222;Wiadomo\u015bci&#8221; by\u0142y wielokrotnie zaw\u0142aszczane przez polityk\u00f3w, dlatego chce je chroni\u0107 przed zakusami z ich strony. &#8211; Jestem na to bardzo wyczulony &#8211; przyznaje &#8211; i dlatego po lekturze listu rzecznika trudno mi by\u0142o oprze\u0107 si\u0119 wra\u017ceniu, \u017ce to nacisk polityczny na nasz\u0105 redakcj\u0119. Ale mo\u017ce dmucham na zimne?<\/p>\n<p>Dziennikarze &#8222;Wiadomo\u015bci&#8221; nie s\u0105 tak ostro\u017cni, cho\u0107 wol\u0105 pozosta\u0107 anonimowi. &#8211; Cz\u0142onkowie PiS, a zw\u0142aszcza bracia Kaczy\u0144scy, s\u0105 bardzo wyczuleni na to, co m\u00f3wi si\u0119 o nich publicznie. S\u0105 niezwykle czujni, cz\u0119sto reaguj\u0105, zanim materia\u0142 uka\u017ce si\u0119 w &#8222;Wiadomo\u015bciach&#8221;. Dzwoni\u0105 do nas i przekonuj\u0105 do swoich racji. Lada chwila b\u0119d\u0105 chcieli redagowa\u0107 nasze teksty przed ich publikacj\u0105.<\/p>\n<p>&#8211; To drugi protest Ciesio\u0142kiewicza. Pierwszy dotyczy\u0142 materia\u0142u o wicepremierze Ludwiku Dornie, kt\u00f3ry nie wpisa\u0142 do o\u015bwiadczenia maj\u0105tkowego informacji o swojej firmie badawczej. Autorem by\u0142 tak\u017ce Kunica. Ciesio\u0142kiewicz zwr\u00f3ci\u0142 uwag\u0119, i\u017c Kunica nies\u0142usznie por\u00f3wna\u0142 b\u0142\u0105d Dorna do b\u0142\u0119du W\u0142odzimierza Cimoszewicza, kt\u00f3ry do o\u015bwiadczenia nie wpisa\u0142 akcji Orlenu. &#8211; pisze &#8222;GW&#8221;<\/p>\n","protected":false},"excerpt":{"rendered":"Miko\u0142aj Kunica to kolejny dziennikarz, kt\u00f3ry spotka\u0142 si\u0119 z negatywn\u0105 ocen\u0105 rz\u0105dz\u0105cego PiS-u. Rzecznik rz\u0105du zarzuci\u0142 &#8222;Wiadomo\u015bciom&#8221; stronniczo\u015b\u0107 w materiale po\u015bwi\u0119conym przed\u0142u\u017ceniu polskiej misji w Iraku. Szefowie dziennikarza stoj\u0105 za nim murem.","protected":false},"author":1,"featured_media":82916,"comment_status":"open","ping_status":"closed","sticky":false,"template":"","format":"standard","meta":{"csco_display_header_overlay":false,"csco_singular_sidebar":"","csco_page_header_type":"","csco_page_load_nextpost":"","csco_post_video_location":[],"csco_post_video_location_hash":"","csco_post_video_url":"","csco_post_video_bg_start_time":0,"csco_post_video_bg_end_time":0,"footnotes":""},"categories":[9670],"tags":[],"class_list":{"0":"post-82915","1":"post","2":"type-post","3":"status-publish","4":"format-standard","5":"has-post-thumbnail","7":"category-tv","8":"cs-entry","9":"cs-video-wrap"},"_links":{"self":[{"href":"https:\/\/mediarun.com\/pl\/wp-json\/wp\/v2\/posts\/82915","targetHints":{"allow":["GET"]}}],"collection":[{"href":"https:\/\/mediarun.com\/pl\/wp-json\/wp\/v2\/posts"}],"about":[{"href":"https:\/\/mediarun.com\/pl\/wp-json\/wp\/v2\/types\/post"}],"author":[{"embeddable":true,"href":"https:\/\/mediarun.com\/pl\/wp-json\/wp\/v2\/users\/1"}],"replies":[{"embeddable":true,"href":"https:\/\/mediarun.com\/pl\/wp-json\/wp\/v2\/comments?post=82915"}],"version-history":[{"count":0,"href":"https:\/\/mediarun.com\/pl\/wp-json\/wp\/v2\/posts\/82915\/revisions"}],"wp:featuredmedia":[{"embeddable":true,"href":"https:\/\/mediarun.com\/pl\/wp-json\/wp\/v2\/media\/82916"}],"wp:attachment":[{"href":"https:\/\/mediarun.com\/pl\/wp-json\/wp\/v2\/media?parent=82915"}],"wp:term":[{"taxonomy":"category","embeddable":true,"href":"https:\/\/mediarun.com\/pl\/wp-json\/wp\/v2\/categories?post=82915"},{"taxonomy":"post_tag","embeddable":true,"href":"https:\/\/mediarun.com\/pl\/wp-json\/wp\/v2\/tags?post=82915"}],"curies":[{"name":"wp","href":"https:\/\/api.w.org\/{rel}","templated":true}]}}