{"id":82908,"date":"2006-01-02T12:27:35","date_gmt":"2006-01-02T11:27:35","guid":{"rendered":"https:\/\/mediarun.com\/index.php\/news-posts\/inwestor-dla-zpr\/"},"modified":"2006-01-02T12:27:35","modified_gmt":"2006-01-02T11:27:35","slug":"inwestor-dla-zpr","status":"publish","type":"post","link":"https:\/\/mediarun.com\/pl\/media\/prasa\/inwestor-dla-zpr.html","title":{"rendered":"Inwestor dla ZPR"},"content":{"rendered":"<p>&#8211; Zgodnie z jesiennymi zapowiedziami, nie b\u0119dzie to ju\u017c inwestor dla Media Expressu. wydawcy Super Expressu, ale dla ca\u0142ej medialnej dzia\u0142alno\u015bci ZPR Zdaniem Benbenka, op\u00f3\u017anienie w negocjacjach z potencjalnymi inwestorami to wynik listopadowej deklaracji norweskiego koncernu Orkla o planach pozyskania partnera do medialnej grupy Orkla Media, kt\u00f3ra w Polsce ma 13 regionalnych dziennik\u00f3w i 51 proc. Presspubliki, wydawcy Rzeczpospolitej. &#8211; informuje dziennik<\/p>\n<p>&#8211;  To, \u017ce Orkla sprzedaje swoje media spowalnia pewne procesy. Dla inwestor\u00f3w, kt\u00f3rzy interesuj\u0105 si\u0119 naszymi sp\u00f3\u0142kami, konsolidacja na wi\u0119ksz\u0105 skal\u0119 by\u0142aby ciekawsza &#8211; m\u00f3wi Zbigniew Benbenek. Przyznaje, \u017ce jeszcze nie zapad\u0142a decyzja, czy ZPR od razu skonsoliduj\u0105 w jednej sp\u00f3\u0142ce sw\u00f3j biznes medialny: wydawnictwo Murator, Media Express oraz sie\u0107 Radia Eska wraz ze sp\u00f3\u0142k\u0105 Time, domem sprzeda\u017cy reklam radiowych. Rozwa\u017camy czy od pocz\u0105tku b\u0119dzie to jedna sp\u00f3\u0142ka, czy na razie trzy firmy ze wsp\u00f3ln\u0105 obs\u0142ug\u0105 administracyjn\u0105 &#8211; stwierdza w wypowiedzi dla &#8222;Rzeczpospolitej&#8221; Zbigniew Benbenek<\/p>\n","protected":false},"excerpt":{"rendered":"&#8211; Nawet sto milion\u00f3w z\u0142otych mo\u017ce wy\u0142o\u017cy\u0107 inwestor, kt\u00f3ry zaanga\u017cuje si\u0119 w wydawniczo-radiowy biznes kontrolowany przez Zjednoczone Przedsi\u0119biorstwa Rozrywkowe Do niedawna Zbigniew Benbenek, g\u0142\u00f3wny akcjonariusz i szef rady nadzorczej ZPR, twierdzi\u0142, \u017ce wybierze inwestora do ko\u0144ca 2005 r. Teraz ocenia, \u017ce powinno to nast\u0105pi\u0107 w I kwartale 2006. &#8211; czytamy w &#8222;Rz&#8221;","protected":false},"author":1,"featured_media":0,"comment_status":"open","ping_status":"closed","sticky":false,"template":"","format":"standard","meta":{"csco_display_header_overlay":false,"csco_singular_sidebar":"","csco_page_header_type":"","csco_page_load_nextpost":"","csco_post_video_location":[],"csco_post_video_location_hash":"","csco_post_video_url":"","csco_post_video_bg_start_time":0,"csco_post_video_bg_end_time":0,"footnotes":""},"categories":[9673],"tags":[],"class_list":{"0":"post-82908","1":"post","2":"type-post","3":"status-publish","4":"format-standard","6":"category-prasa","7":"cs-entry","8":"cs-video-wrap"},"_links":{"self":[{"href":"https:\/\/mediarun.com\/pl\/wp-json\/wp\/v2\/posts\/82908","targetHints":{"allow":["GET"]}}],"collection":[{"href":"https:\/\/mediarun.com\/pl\/wp-json\/wp\/v2\/posts"}],"about":[{"href":"https:\/\/mediarun.com\/pl\/wp-json\/wp\/v2\/types\/post"}],"author":[{"embeddable":true,"href":"https:\/\/mediarun.com\/pl\/wp-json\/wp\/v2\/users\/1"}],"replies":[{"embeddable":true,"href":"https:\/\/mediarun.com\/pl\/wp-json\/wp\/v2\/comments?post=82908"}],"version-history":[{"count":0,"href":"https:\/\/mediarun.com\/pl\/wp-json\/wp\/v2\/posts\/82908\/revisions"}],"wp:attachment":[{"href":"https:\/\/mediarun.com\/pl\/wp-json\/wp\/v2\/media?parent=82908"}],"wp:term":[{"taxonomy":"category","embeddable":true,"href":"https:\/\/mediarun.com\/pl\/wp-json\/wp\/v2\/categories?post=82908"},{"taxonomy":"post_tag","embeddable":true,"href":"https:\/\/mediarun.com\/pl\/wp-json\/wp\/v2\/tags?post=82908"}],"curies":[{"name":"wp","href":"https:\/\/api.w.org\/{rel}","templated":true}]}}