{"id":82904,"date":"2006-01-02T14:06:02","date_gmt":"2006-01-02T13:06:02","guid":{"rendered":"https:\/\/mediarun.com\/index.php\/news-posts\/durczok-zamieni-sie-z-rymanowskim\/"},"modified":"2006-01-02T14:06:02","modified_gmt":"2006-01-02T13:06:02","slug":"durczok-zamieni-sie-z-rymanowskim","status":"publish","type":"post","link":"https:\/\/mediarun.com\/pl\/media\/tv\/durczok-zamieni-sie-z-rymanowskim.html","title":{"rendered":"Durczok zamieni si\u0119 z Rymanowskim?"},"content":{"rendered":"<p>Wed\u0142ug dziennika, tylko Rymanowski, kt\u00f3ry ju\u017c pracowa\u0142 w TVP pod rz\u0105dami Wies\u0142awa Walendziaka &#8211; mo\u017ce skutecznie zast\u0105pi\u0107 bardzo popularnego Kamila Durczoka. Przed \u015bwi\u0119tami &#8222;Nowy Dzie\u0144&#8221; opublikowa\u0142 sonda\u017c, w kt\u00f3rym Polacy wybrali osoby publiczne, z kt\u00f3rymi chcieliby sp\u0119dzi\u0107 wieczerz\u0119 wigilijn\u0105. Durczok znalaz\u0142 si\u0119 na pierwszym miejscu dystansuj\u0105c wiele s\u0142aw. Przed rokiem prezenter znajdowa\u0142 si\u0119 zaraz za Tomaszem Lisem spo\u015br\u00f3d \u015brodowiska dziennikarskiego w sonda\u017cach prezydenckich. <\/p>\n<p>Na razie sobotni\u0105 wiadomo\u015b\u0107 tabloidu mo\u017cna uzna\u0107 za &#8222;fakt prasowy&#8221;. Zmiany w TVP z pewno\u015bci\u0105 nast\u0105pi\u0105 szybko. Durczok oskar\u017cany przez rz\u0105dzacy PiS za stronniczo\u015b\u0107, mo\u017ce znale\u017a\u0107 zatrudnienie w TVN. Prezenter jest za bardzo lewicowy dla TVP i Polsatu. W tym drugim stanowi\u0142by powa\u017cne zagro\u017cenie dla Tomasza Lisa. Z\u0142o\u015bliwi zreszt\u0105 zarzucaj\u0105 Durczokowi nieudane na\u015bladownictwo cz\u0142onka zarz\u0105du Polsatu. Wielu obserwator\u00f3w zauwa\u017ca, i\u017c Durczok by\u0142 promowany przez zwi\u0105zanego z SLD prezesa Kwiatkowskiego &#8211; szanowany w obliczu du\u017cej popularno\u015bci przez Dworaka. <\/p>\n","protected":false},"excerpt":{"rendered":"Sobotni &#8222;Fakt&#8221; kontynuowa\u0142 temat ewentualnego po\u017cegnania Kamila Durczoka z Telewizj\u0105 Polsk\u0105. Jako potencjalnego kandydata na jego nast\u0119pc\u0119 dziennik wymienia Bogdana Rymanowskiego, obecnie prezentera &#8222;Fakt\u00f3w&#8221; TVN. Rymanowski wcze\u015bniej pracowa\u0142 w kojarzonej z prawic\u0105 TV Puls.","protected":false},"author":1,"featured_media":82905,"comment_status":"open","ping_status":"closed","sticky":false,"template":"","format":"standard","meta":{"csco_display_header_overlay":false,"csco_singular_sidebar":"","csco_page_header_type":"","csco_page_load_nextpost":"","csco_post_video_location":[],"csco_post_video_location_hash":"","csco_post_video_url":"","csco_post_video_bg_start_time":0,"csco_post_video_bg_end_time":0,"footnotes":""},"categories":[9670],"tags":[],"class_list":{"0":"post-82904","1":"post","2":"type-post","3":"status-publish","4":"format-standard","5":"has-post-thumbnail","7":"category-tv","8":"cs-entry","9":"cs-video-wrap"},"_links":{"self":[{"href":"https:\/\/mediarun.com\/pl\/wp-json\/wp\/v2\/posts\/82904","targetHints":{"allow":["GET"]}}],"collection":[{"href":"https:\/\/mediarun.com\/pl\/wp-json\/wp\/v2\/posts"}],"about":[{"href":"https:\/\/mediarun.com\/pl\/wp-json\/wp\/v2\/types\/post"}],"author":[{"embeddable":true,"href":"https:\/\/mediarun.com\/pl\/wp-json\/wp\/v2\/users\/1"}],"replies":[{"embeddable":true,"href":"https:\/\/mediarun.com\/pl\/wp-json\/wp\/v2\/comments?post=82904"}],"version-history":[{"count":0,"href":"https:\/\/mediarun.com\/pl\/wp-json\/wp\/v2\/posts\/82904\/revisions"}],"wp:featuredmedia":[{"embeddable":true,"href":"https:\/\/mediarun.com\/pl\/wp-json\/wp\/v2\/media\/82905"}],"wp:attachment":[{"href":"https:\/\/mediarun.com\/pl\/wp-json\/wp\/v2\/media?parent=82904"}],"wp:term":[{"taxonomy":"category","embeddable":true,"href":"https:\/\/mediarun.com\/pl\/wp-json\/wp\/v2\/categories?post=82904"},{"taxonomy":"post_tag","embeddable":true,"href":"https:\/\/mediarun.com\/pl\/wp-json\/wp\/v2\/tags?post=82904"}],"curies":[{"name":"wp","href":"https:\/\/api.w.org\/{rel}","templated":true}]}}