{"id":82895,"date":"2006-01-02T15:58:33","date_gmt":"2006-01-02T14:58:33","guid":{"rendered":"https:\/\/mediarun.com\/index.php\/news-posts\/polsat-chwilowo-bez-wojewodzkiego\/"},"modified":"2006-01-02T15:58:33","modified_gmt":"2006-01-02T14:58:33","slug":"polsat-chwilowo-bez-wojewodzkiego","status":"publish","type":"post","link":"https:\/\/mediarun.com\/pl\/media\/tv\/polsat-chwilowo-bez-wojewodzkiego.html","title":{"rendered":"Polsat chwilowo bez Wojew\u00f3dzkiego"},"content":{"rendered":"<p>W dotychczasowej porze emisji talk-show Kuby Wojew\u00f3dzkiego b\u0119dzie mo\u017cna obejrze\u0107 najlepsze odcinki programu. <\/p>\n<p>Konkurencyjny TVN poka\u017ce za to powt\u00f3rkowe odcinki &#8222;Mamy Ci\u0119!&#8221;. <\/p>\n","protected":false},"excerpt":{"rendered":"Kolejny premierowy odcinek popularnego talk-show Polsatu b\u0119dzie mo\u017cna zobaczy\u0107 dopiero 19 lutego 2006 roku. Prezenter uda\u0142 si\u0119 na urlop po paru miesi\u0105cach ci\u0119\u017ckiej pracy nad programem. W konkurencyjnym TVN trwa te\u017c przerwa w emisji &#8222;Szymon Majewski Show&#8221;.","protected":false},"author":1,"featured_media":82896,"comment_status":"open","ping_status":"closed","sticky":false,"template":"","format":"standard","meta":{"csco_display_header_overlay":false,"csco_singular_sidebar":"","csco_page_header_type":"","csco_page_load_nextpost":"","csco_post_video_location":[],"csco_post_video_location_hash":"","csco_post_video_url":"","csco_post_video_bg_start_time":0,"csco_post_video_bg_end_time":0,"footnotes":""},"categories":[9670],"tags":[],"class_list":{"0":"post-82895","1":"post","2":"type-post","3":"status-publish","4":"format-standard","5":"has-post-thumbnail","7":"category-tv","8":"cs-entry","9":"cs-video-wrap"},"_links":{"self":[{"href":"https:\/\/mediarun.com\/pl\/wp-json\/wp\/v2\/posts\/82895","targetHints":{"allow":["GET"]}}],"collection":[{"href":"https:\/\/mediarun.com\/pl\/wp-json\/wp\/v2\/posts"}],"about":[{"href":"https:\/\/mediarun.com\/pl\/wp-json\/wp\/v2\/types\/post"}],"author":[{"embeddable":true,"href":"https:\/\/mediarun.com\/pl\/wp-json\/wp\/v2\/users\/1"}],"replies":[{"embeddable":true,"href":"https:\/\/mediarun.com\/pl\/wp-json\/wp\/v2\/comments?post=82895"}],"version-history":[{"count":0,"href":"https:\/\/mediarun.com\/pl\/wp-json\/wp\/v2\/posts\/82895\/revisions"}],"wp:featuredmedia":[{"embeddable":true,"href":"https:\/\/mediarun.com\/pl\/wp-json\/wp\/v2\/media\/82896"}],"wp:attachment":[{"href":"https:\/\/mediarun.com\/pl\/wp-json\/wp\/v2\/media?parent=82895"}],"wp:term":[{"taxonomy":"category","embeddable":true,"href":"https:\/\/mediarun.com\/pl\/wp-json\/wp\/v2\/categories?post=82895"},{"taxonomy":"post_tag","embeddable":true,"href":"https:\/\/mediarun.com\/pl\/wp-json\/wp\/v2\/tags?post=82895"}],"curies":[{"name":"wp","href":"https:\/\/api.w.org\/{rel}","templated":true}]}}