{"id":82882,"date":"2006-01-02T22:54:17","date_gmt":"2006-01-02T21:54:17","guid":{"rendered":"https:\/\/mediarun.com\/index.php\/news-posts\/durczok-na-razie-zostaje\/"},"modified":"2006-01-02T22:54:17","modified_gmt":"2006-01-02T21:54:17","slug":"durczok-na-razie-zostaje","status":"publish","type":"post","link":"https:\/\/mediarun.com\/pl\/media\/tv\/durczok-na-razie-zostaje.html","title":{"rendered":"Durczok (na razie) zostaje"},"content":{"rendered":"<p>&#8211; Kamil Durczok, prowadz\u0105cy g\u0142\u00f3wne wydanie &#8222;Wiadomo\u015bci&#8221; oraz gospodarz programu &#8222;Debata&#8221; to jeden z najlepszych naszych dziennikarzy, rzetelnie wype\u0142niaj\u0105cy powierzone mu obowi\u0105zki. Jego profesjonalizm wysoko oceniaj\u0105 szefowie anteny i szefowie TVP SA. Kamil Durczok cieszy si\u0119 tak\u017ce ogromn\u0105 sympati\u0105 widz\u00f3w, co pokazuj\u0105 sonda\u017ce &#8211; t\u0142umaczy rzecznik prasowy na stronie internetowej Telewizji Polskiej.<\/p>\n<p>Zapewnienia rzecznika prasowego mog\u0105 okaza\u0107 si\u0119 nieaktualne, gdy zmieni si\u0119 Zarz\u0105d i Rada Nadzorcza TVP. Wed\u0142ug nieoficjalnych informacji nast\u0105pi to wczesn\u0105 wiosn\u0105. Zmiany nabior\u0105 tempa, gdy w gr\u0119 wejd\u0105 przedterminowe wybory parlamentarne. <\/p>\n<p>Dziennik &#8222;Fakt&#8221; pisa\u0142 w zesz\u0142ym tygodniu, \u017ce jedn\u0105 z przyczyn nie przed\u0142u\u017cenia kontraktu TVP z Kamilem Durczokiem mo\u017ce by\u0107 to, \u017ce niekt\u00f3rym ludziom jego nazwisko za bardzo kojarzy si\u0119 z osob\u0105 Waldemara Dubaniowskiego, szefa gabinetu Aleksandra Kwa\u015bniewskiego.<\/p>\n<p>&#8211; Problemy Durczoka trwaj\u0105 ju\u017c od kilku miesi\u0119cy. Na dobre zacz\u0119\u0142y si\u0119 jednak jesieni\u0105. Dziennikarzowi, kt\u00f3ry jako twarz &#8222;Wiadomo\u015bci&#8221; i gospodarz programu &#8222;Debata&#8221;, od wielu lat w trakcie kampanii wyborczych prowadzi wieczory wyborcze, uniemo\u017cliwiono przeprowadzenie wywiadu na \u017cywo z Donaldem Tuskiem. Zamiast duetu Durczok &#8211; Gawryluk, kt\u00f3ry w tym sezonie prowadzi\u0142 przedwyborcze debaty, rozmow\u0119 z Tuskiem przeprowadzili Krzysztof Skowro\u0144ski i Dorota Wysocka-Schnepf. Dla dziennikarza by\u0142 to afront. Zw\u0142aszcza, \u017ce przy okazji postawiono mu zarzut stronniczo\u015bci. Osoby zwi\u0105zane ze \u015brodowiskiem PiS mia\u0142y podobno interweniowa\u0107 u samego prezesa TVP Jana Dworaka, by usun\u0105\u0107 Durczoka z wizji &#8211; donosi\u0142 &#8222;Fakt&#8221; w pi\u0105tek.<\/p>\n","protected":false},"excerpt":{"rendered":"Rzecznik prasowy Telewizji Polskiej, Jaros\u0142aw Szczepa\u0144ski zdementowa\u0142 informacje jakoby TVP mia\u0142a nie przed\u0142u\u017cy\u0107 umowy z Kamilem Durczokiem. &#8211; Nie ma \u017cadnych powod\u00f3w do zaprzestania wsp\u00f3\u0142pracy mi\u0119dzy Kamilem Durczokiem a TVP SA &#8211; wyja\u015bnia Szczepa\u0144ski.","protected":false},"author":1,"featured_media":82883,"comment_status":"open","ping_status":"closed","sticky":false,"template":"","format":"standard","meta":{"csco_display_header_overlay":false,"csco_singular_sidebar":"","csco_page_header_type":"","csco_page_load_nextpost":"","csco_post_video_location":[],"csco_post_video_location_hash":"","csco_post_video_url":"","csco_post_video_bg_start_time":0,"csco_post_video_bg_end_time":0,"footnotes":""},"categories":[9670],"tags":[],"class_list":{"0":"post-82882","1":"post","2":"type-post","3":"status-publish","4":"format-standard","5":"has-post-thumbnail","7":"category-tv","8":"cs-entry","9":"cs-video-wrap"},"_links":{"self":[{"href":"https:\/\/mediarun.com\/pl\/wp-json\/wp\/v2\/posts\/82882","targetHints":{"allow":["GET"]}}],"collection":[{"href":"https:\/\/mediarun.com\/pl\/wp-json\/wp\/v2\/posts"}],"about":[{"href":"https:\/\/mediarun.com\/pl\/wp-json\/wp\/v2\/types\/post"}],"author":[{"embeddable":true,"href":"https:\/\/mediarun.com\/pl\/wp-json\/wp\/v2\/users\/1"}],"replies":[{"embeddable":true,"href":"https:\/\/mediarun.com\/pl\/wp-json\/wp\/v2\/comments?post=82882"}],"version-history":[{"count":0,"href":"https:\/\/mediarun.com\/pl\/wp-json\/wp\/v2\/posts\/82882\/revisions"}],"wp:featuredmedia":[{"embeddable":true,"href":"https:\/\/mediarun.com\/pl\/wp-json\/wp\/v2\/media\/82883"}],"wp:attachment":[{"href":"https:\/\/mediarun.com\/pl\/wp-json\/wp\/v2\/media?parent=82882"}],"wp:term":[{"taxonomy":"category","embeddable":true,"href":"https:\/\/mediarun.com\/pl\/wp-json\/wp\/v2\/categories?post=82882"},{"taxonomy":"post_tag","embeddable":true,"href":"https:\/\/mediarun.com\/pl\/wp-json\/wp\/v2\/tags?post=82882"}],"curies":[{"name":"wp","href":"https:\/\/api.w.org\/{rel}","templated":true}]}}