{"id":82878,"date":"2006-01-03T06:00:00","date_gmt":"2006-01-03T05:00:00","guid":{"rendered":"https:\/\/mediarun.com\/index.php\/news-posts\/unijne-porno-po-austriacku\/"},"modified":"2006-01-03T06:00:00","modified_gmt":"2006-01-03T05:00:00","slug":"unijne-porno-po-austriacku","status":"publish","type":"post","link":"https:\/\/mediarun.com\/pl\/marketing\/atl\/unijne-porno-po-austriacku.html","title":{"rendered":"Unijne porno po austriacku"},"content":{"rendered":"<p><P>na kt\u00f3rych &#8222;Chirac posuwa El\u017cbiet\u0119 II od ty\u0142u&#8221; znikn\u0119\u0142y z ulic&#8230;<\/P><br \/>\n<P>W ramach austriackiego przewodnictwa Unii Europejskiej, rozpocz\u0119tego 1 stycznia 2006 r., grupa &#8222;25 peaces&#8221; zam\u00f3wi\u0142a u 75 artyst\u00f3w z 25 kraj\u00f3w cz\u0142onkowskich seri\u0119 dzie\u0142 na temat Europy.<\/P><br \/>\n<P>Kontrowersyjne plakaty przedstawiaj\u0105 m.in. grup\u0119 uprawiaj\u0105cych seks modelek ubranych w maski kr\u00f3lowej El\u017cbiety oraz prezydent\u00f3w Busha i Chiraca. Na innym plakacie modelka rozk\u0142ada szeroko nogi aby zaprezentowac obcis\u0142e majtki przyozdobione 12 gwiazdami Unii Europejskiej.<\/P><br \/>\n<P>Prezentowana w zabytkowym centrum Wiednia wystawa &#8222;EuroPART&#8221;, realizowana w ramach projektu &#8222;25peaces&#8221; wzbudzi\u0142a w Austrii oburzenie. Wed\u0142ug Georga Springera, koordynatora wystawy, plakat przedstawiaj\u0105cy &#8222;gruppensex&#8221; mia\u0142 by\u0107 protestem przeciw globalizacji, za\u015b krocze z unijn\u0105 flag\u0105&nbsp;&#8211; &#8222;generaln\u0105 ironi\u0105 z Unii Europejskiej&#8221;. <\/P><br \/>\n<P>Nie przekona\u0142o to socjaldemokrat\u00f3w, zarzucaj\u0105cych kanclerzowi Wolfgangowi Schuesslowi finansowanie &#8222;gniot\u00f3w&#8221; z publicznych pieni\u0119dzy. Po protestach w\u0142adze podj\u0119\u0142y decyzj\u0119 o usuni\u0119ciu najbardziej bulwersuj\u0105cych prac, pozosta\u0142e 146 b\u0119dzie mo\u017cna ogl\u0105da\u0107 na ulicach Wiednia do ko\u0144ca stycznia.<\/P><\/p>\n","protected":false},"excerpt":{"rendered":"Skandalem okaza\u0142a si\u0119 wystawa plakat\u00f3w, kt\u00f3r\u0105 podziwia\u0107 mo\u017cna na elektronicznych bilboardach w centrum Wiednia. Po kilku dniach plakaty&#8230;","protected":false},"author":1,"featured_media":82879,"comment_status":"open","ping_status":"closed","sticky":false,"template":"","format":"standard","meta":{"csco_display_header_overlay":false,"csco_singular_sidebar":"","csco_page_header_type":"","csco_page_load_nextpost":"","csco_post_video_location":[],"csco_post_video_location_hash":"","csco_post_video_url":"","csco_post_video_bg_start_time":0,"csco_post_video_bg_end_time":0,"footnotes":""},"categories":[9642],"tags":[],"class_list":{"0":"post-82878","1":"post","2":"type-post","3":"status-publish","4":"format-standard","5":"has-post-thumbnail","7":"category-atl","8":"cs-entry","9":"cs-video-wrap"},"_links":{"self":[{"href":"https:\/\/mediarun.com\/pl\/wp-json\/wp\/v2\/posts\/82878","targetHints":{"allow":["GET"]}}],"collection":[{"href":"https:\/\/mediarun.com\/pl\/wp-json\/wp\/v2\/posts"}],"about":[{"href":"https:\/\/mediarun.com\/pl\/wp-json\/wp\/v2\/types\/post"}],"author":[{"embeddable":true,"href":"https:\/\/mediarun.com\/pl\/wp-json\/wp\/v2\/users\/1"}],"replies":[{"embeddable":true,"href":"https:\/\/mediarun.com\/pl\/wp-json\/wp\/v2\/comments?post=82878"}],"version-history":[{"count":0,"href":"https:\/\/mediarun.com\/pl\/wp-json\/wp\/v2\/posts\/82878\/revisions"}],"wp:featuredmedia":[{"embeddable":true,"href":"https:\/\/mediarun.com\/pl\/wp-json\/wp\/v2\/media\/82879"}],"wp:attachment":[{"href":"https:\/\/mediarun.com\/pl\/wp-json\/wp\/v2\/media?parent=82878"}],"wp:term":[{"taxonomy":"category","embeddable":true,"href":"https:\/\/mediarun.com\/pl\/wp-json\/wp\/v2\/categories?post=82878"},{"taxonomy":"post_tag","embeddable":true,"href":"https:\/\/mediarun.com\/pl\/wp-json\/wp\/v2\/tags?post=82878"}],"curies":[{"name":"wp","href":"https:\/\/api.w.org\/{rel}","templated":true}]}}