{"id":82847,"date":"2006-01-03T10:12:37","date_gmt":"2006-01-03T09:12:37","guid":{"rendered":"https:\/\/mediarun.com\/index.php\/news-posts\/wszechpolak-do-krrit\/"},"modified":"2006-01-03T10:12:37","modified_gmt":"2006-01-03T09:12:37","slug":"wszechpolak-do-krrit","status":"publish","type":"post","link":"https:\/\/mediarun.com\/pl\/media\/tv\/wszechpolak-do-krrit.html","title":{"rendered":"Wszechpolak do KRRiT"},"content":{"rendered":"<p>&#8211; Haydukiewicz ma 32 lata&#8218; jest absolwentem Wydzia\u0142u Geografii i Nauk o Ziemi Uniwersytetu Jagiello\u0144skiego. Fascynuj\u0105 go Kresy&#8218; dwa lata temu obroni\u0142 doktorat o problemach mniejszo\u015bci polskiej na Litwie. W latach 90. uczestniczy\u0142 w reaktywowaniu M\u0142odzie\u017cy Wszechpolskiej&#8218; doszed\u0142 do stanowiska wiceprezesa organizacji. Potem aktywnie dzia\u0142a\u0142 w LPR &#8211; kandydowa\u0142 do Parlamentu Europejskiego, a tak\u017ce w ostatnich wyborach do Sejmu (z okr\u0119gu kieleckiego). W obu przypadkach bezskutecznie.  &#8211; informuje &#8222;Rzeczpospolita&#8221;<\/p>\n<p>Wcze\u015bniej mocnym kandydatem LPR by\u0142 Daniel Paw\u0142owiec, 27-letni Wszechpolak, by\u0142y dziennikarz &#8222;Naszego Dziennika&#8221; i czy\u0142onek Rady Programowej TVP3. <\/p>\n<p>&#8211; Samoobrona i LPR pomog\u0142y PiS b\u0142yskawicznie przepchn\u0105\u0107 przez Sejm nowelizacj\u0119 ustawy medialnej. Maj\u0105 za to dosta\u0107 po miejscu w nowej pi\u0119cioosobowej KRRiT. Pozosta\u0142e przypadn\u0105 PiS. Po dw\u00f3ch kandydat\u00f3w wska\u017ce prezydent i Sejm, jednego Senat.- zauwa\u017ca &#8222;Gazeta Wyborcza&#8221;<\/p>\n<p>&#8211; Samoobrona nie chce jeszcze powiedzie\u0107, kogo wystawi do Rady. Jej wiceprzewodnicz\u0105cy Krzysztof Filipek ujawnia tylko, \u017ce w gr\u0119 wchodz\u0105 dwa nazwiska i \u017ce chodzi o ekspert\u00f3w Samoobrony. P\u00f3ki nie ma ostatecznego kandydata (przyj\u0119tego przez klub i prezydium partii) nie zdradza szczeg\u00f3\u0142\u00f3w. Ale w\u015br\u00f3d kilku nazwisk ewentualnych kandydat\u00f3w do Rady niekt\u00f3re \u017ar\u00f3d\u0142a &#8222;Gazety&#8221; wskazuj\u0105 Andrzeja Aumillera, wcze\u015bniej lidera Unii Pracy, kt\u00f3ry do Samoobrony przeszed\u0142 przed wyborami. Nie dosta\u0142 si\u0119 do Sejmu mimo pierwszego miejsca na li\u015bcie wyborczej w Poznaniu. Teraz partia szuka dla niego zaj\u0119cia. Aumiller ma m.in. odpowiada\u0107 za popraw\u0119 notowa\u0144 Samoobrony w Poznaniu. Sam Aumiller zastrzega, \u017ce jest za wcze\u015bnie, by o tym rozmawia\u0107. &#8211; czytamy w &#8222;Gazecie Wyborczej&#8221;<\/p>\n<p>&#8211; W Krajowej Radzie Samoobrona chce zaj\u0105\u0107 si\u0119 dbaniem o etyk\u0119 dziennikarzy radia i telewizji. To w\u0142a\u015bnie na wniosek partii Leppera do zada\u0144 KRRiT dodano nowe: &#8222;inicjowanie i podejmowanie dzia\u0142a\u0144 w zakresie ochrony zasad etyki dziennikarskiej&#8221;. &#8211; relacjonuje dziennik<\/p>\n","protected":false},"excerpt":{"rendered":"Pojawiaj\u0105 si\u0119 pierwsze nazwiska kandydat\u00f3w do KRRiT. Prawdopodobnie z ramienia LPR w 5-osobowej Radzie zasi\u0105dzie Wszechpolak Lech Haydukiewicz. Wczoraj decyzj\u0119 o jego kandydowaniu podj\u0105\u0142 w poniedzia\u0142ek wieczorem lider LPR Roman Giertych.","protected":false},"author":1,"featured_media":82848,"comment_status":"open","ping_status":"closed","sticky":false,"template":"","format":"standard","meta":{"csco_display_header_overlay":false,"csco_singular_sidebar":"","csco_page_header_type":"","csco_page_load_nextpost":"","csco_post_video_location":[],"csco_post_video_location_hash":"","csco_post_video_url":"","csco_post_video_bg_start_time":0,"csco_post_video_bg_end_time":0,"footnotes":""},"categories":[9670],"tags":[],"class_list":{"0":"post-82847","1":"post","2":"type-post","3":"status-publish","4":"format-standard","5":"has-post-thumbnail","7":"category-tv","8":"cs-entry","9":"cs-video-wrap"},"_links":{"self":[{"href":"https:\/\/mediarun.com\/pl\/wp-json\/wp\/v2\/posts\/82847","targetHints":{"allow":["GET"]}}],"collection":[{"href":"https:\/\/mediarun.com\/pl\/wp-json\/wp\/v2\/posts"}],"about":[{"href":"https:\/\/mediarun.com\/pl\/wp-json\/wp\/v2\/types\/post"}],"author":[{"embeddable":true,"href":"https:\/\/mediarun.com\/pl\/wp-json\/wp\/v2\/users\/1"}],"replies":[{"embeddable":true,"href":"https:\/\/mediarun.com\/pl\/wp-json\/wp\/v2\/comments?post=82847"}],"version-history":[{"count":0,"href":"https:\/\/mediarun.com\/pl\/wp-json\/wp\/v2\/posts\/82847\/revisions"}],"wp:featuredmedia":[{"embeddable":true,"href":"https:\/\/mediarun.com\/pl\/wp-json\/wp\/v2\/media\/82848"}],"wp:attachment":[{"href":"https:\/\/mediarun.com\/pl\/wp-json\/wp\/v2\/media?parent=82847"}],"wp:term":[{"taxonomy":"category","embeddable":true,"href":"https:\/\/mediarun.com\/pl\/wp-json\/wp\/v2\/categories?post=82847"},{"taxonomy":"post_tag","embeddable":true,"href":"https:\/\/mediarun.com\/pl\/wp-json\/wp\/v2\/tags?post=82847"}],"curies":[{"name":"wp","href":"https:\/\/api.w.org\/{rel}","templated":true}]}}