{"id":82843,"date":"2006-01-03T10:25:01","date_gmt":"2006-01-03T09:25:01","guid":{"rendered":"https:\/\/mediarun.com\/index.php\/news-posts\/odszkodowania-dla-starych-czlonkow-krrit\/"},"modified":"2006-01-03T10:25:01","modified_gmt":"2006-01-03T09:25:01","slug":"odszkodowania-dla-starych-czlonkow-krrit","status":"publish","type":"post","link":"https:\/\/mediarun.com\/pl\/media\/tv\/odszkodowania-dla-starych-czlonkow-krrit.html","title":{"rendered":"Odszkodowania dla starych cz\u0142onk\u00f3w KRRiT?"},"content":{"rendered":"<p>&#8211; Cz\u0119\u015b\u0107 by\u0142ych cz\u0142onk\u00f3w Krajowej Rady Radiofonii i Telewizji b\u0119dzie stara\u0107 si\u0119 w s\u0105dzie o odszkodowania &#8211; poinformowa\u0142 Rafa\u0142 Rastawicki, rzecznik KRRiT. I przypomnia\u0142, \u017ce wed\u0142ug poprzednio obowi\u0105zuj\u0105cej ustawy sze\u015bcioletnie kadencje cz\u0142onk\u00f3w Rady mog\u0142y wygasn\u0105\u0107 wcze\u015bniej jedynie, gdyby Sejm nie przyj\u0105\u0142 sprawozdania KRRiT. <\/p>\n<p>Czy maj\u0105 szans\u0119? Zdaniem prawnik\u00f3w sytuacja cz\u0142onk\u00f3w rozwi\u0105zanej KRRiT nie jest czytelna. &#8211; Zostali oni zatrudnieni w ramach pewnego porz\u0105dku prawnego i mieli pewno\u015b\u0107 wykonywania swoich zada\u0144 przez okre\u015blony ustawowo czas &#8211; m\u00f3wi &#8222;Gazecie Wyborczej&#8221; prof. Ewa Nowi\u0144ska z Uniwersytetu Jagiello\u0144skiego. &#8211; Pewno\u015b\u0107 ta jest jednym z podstawowych uprawnie\u0144 os\u00f3b wykonuj\u0105cych prace przez z g\u00f3ry okre\u015blony czas. Cz\u0119sto w takiej sytuacji osoby te dokonuj\u0105 zmian w swoim \u017cyciu i rezygnuj\u0105 z innych zaj\u0119\u0107, \u017ceby stawi\u0107 czo\u0142a nowym wyzwaniom. Wobec tego pytanie brzmi: czy zmiana przepis\u00f3w w trakcie trwania umowy na czas okre\u015blony pozbawia cz\u0142onk\u00f3w KRRiT ochrony prawnej? Czy w pa\u0144stwie demokratycznym obywatel mo\u017ce by\u0107 pozbawiony takiej ochrony, je\u015bli traci prac\u0119 w efekcie takiej zmiany przepis\u00f3w, kt\u00f3re pozbawiaj\u0105 go praw nabytych na podstawie dot\u0105d obowi\u0105zuj\u0105cych ustaw?<\/p>\n<p>Gazeta Wyborcza&#8221; obliczy\u0142a, \u017ce gdyby ka\u017cdemu z cz\u0142onk\u00f3w wyp\u0142acono odszkodowanie, to skarb pa\u0144stwa straci\u0142by nawet 4 mln z\u0142. Rekordzi\u015bci mogliby otrzyma\u0107 nawet 700 tys. z\u0142.  Do czasu wyboru nowej Rady, Polska jest praktycznie bez regulatora rynku medialnego, gdy\u017c decyzje podejmowane przez odchodz\u0105c\u0105 &#8211; nie maj\u0105 mocy prawnej. <\/p>\n","protected":false},"excerpt":{"rendered":"Z\u0142o\u017cona z 9 cz\u0142onk\u00f3w KRRiT nie istnieje od pi\u0105tku, czyli momentu, w kt\u00f3rym prezydent Kaczy\u0144ski podpisa\u0142 nowelizacj\u0119 ustawy o rtv i zostala ona wydrukowana w Dzienniku Ustaw. W poniedzia\u0142ek do pracy przyszli tylko pracownicy Biura Rady &#8211; wraz z by\u0142\u0105 przewodnicz\u0105c\u0105 Danut\u0105 Waniek. Niekt\u00f3rzy spo\u015br\u00f3d by\u0142ych cz\u0142onk\u00f3w b\u0119d\u0105 domaga\u0107 si\u0119 odszkowania za wcze\u015bniejsze wyga\u015bni\u0119cie mandat\u00f3w.","protected":false},"author":1,"featured_media":82844,"comment_status":"open","ping_status":"closed","sticky":false,"template":"","format":"standard","meta":{"csco_display_header_overlay":false,"csco_singular_sidebar":"","csco_page_header_type":"","csco_page_load_nextpost":"","csco_post_video_location":[],"csco_post_video_location_hash":"","csco_post_video_url":"","csco_post_video_bg_start_time":0,"csco_post_video_bg_end_time":0,"footnotes":""},"categories":[9670],"tags":[],"class_list":{"0":"post-82843","1":"post","2":"type-post","3":"status-publish","4":"format-standard","5":"has-post-thumbnail","7":"category-tv","8":"cs-entry","9":"cs-video-wrap"},"_links":{"self":[{"href":"https:\/\/mediarun.com\/pl\/wp-json\/wp\/v2\/posts\/82843","targetHints":{"allow":["GET"]}}],"collection":[{"href":"https:\/\/mediarun.com\/pl\/wp-json\/wp\/v2\/posts"}],"about":[{"href":"https:\/\/mediarun.com\/pl\/wp-json\/wp\/v2\/types\/post"}],"author":[{"embeddable":true,"href":"https:\/\/mediarun.com\/pl\/wp-json\/wp\/v2\/users\/1"}],"replies":[{"embeddable":true,"href":"https:\/\/mediarun.com\/pl\/wp-json\/wp\/v2\/comments?post=82843"}],"version-history":[{"count":0,"href":"https:\/\/mediarun.com\/pl\/wp-json\/wp\/v2\/posts\/82843\/revisions"}],"wp:featuredmedia":[{"embeddable":true,"href":"https:\/\/mediarun.com\/pl\/wp-json\/wp\/v2\/media\/82844"}],"wp:attachment":[{"href":"https:\/\/mediarun.com\/pl\/wp-json\/wp\/v2\/media?parent=82843"}],"wp:term":[{"taxonomy":"category","embeddable":true,"href":"https:\/\/mediarun.com\/pl\/wp-json\/wp\/v2\/categories?post=82843"},{"taxonomy":"post_tag","embeddable":true,"href":"https:\/\/mediarun.com\/pl\/wp-json\/wp\/v2\/tags?post=82843"}],"curies":[{"name":"wp","href":"https:\/\/api.w.org\/{rel}","templated":true}]}}