{"id":82841,"date":"2006-01-03T10:35:55","date_gmt":"2006-01-03T09:35:55","guid":{"rendered":"https:\/\/mediarun.com\/index.php\/news-posts\/waniek-odpiera-zarzuty\/"},"modified":"2006-01-03T10:35:55","modified_gmt":"2006-01-03T09:35:55","slug":"waniek-odpiera-zarzuty","status":"publish","type":"post","link":"https:\/\/mediarun.com\/pl\/media\/tv\/waniek-odpiera-zarzuty.html","title":{"rendered":"Waniek odpiera zarzuty"},"content":{"rendered":"<p>Podczas dzisiejszego wywiadu w &#8222;Salonie Politycznym Tr\u00f3jki&#8221; , Andrzej Urba\u0144ski &#8211; szef Kancelarii Prezydenta pytany o podpisanie przez Prezydenta RP tzw. ustawy medialnej odpowiedzia\u0142: &#8222;Nie mog\u0119 powiedzie\u0107, \u017ce nie mia\u0142 \u017cadnych w\u0105tpliwo\u015bci. Za to ten plan, kt\u00f3ry ostatecznie pani Danuta Waniek potwierdzi\u0142a w jakim\u015b z wywiad\u00f3w, \u017ce stara krajowa rada marzy\u0142a tylko o jednym, \u017ceby natychmiast w styczniu powo\u0142a\u0107 rady nadzorcze telewizji publicznej i publicznego radia. No niestety nie dawa\u0142 tutaj du\u017cego pola manewru.&#8221;. <\/p>\n<p>&#8211; W \u017cadnym z wywiad\u00f3w nie m\u00f3wi\u0142am, \u017ce KRRiT zamierza w styczniu powo\u0142a\u0107 rady nadzorcze medi\u00f3w publicznych. Powo\u0142ywanie cz\u0142onk\u00f3w rad nadzorczych to proces d\u0142ugotrwa\u0142y, poprzedzony zg\u0142aszaniem kandydat\u00f3w przez cz\u0142onk\u00f3w KRRiT, analiz\u0105 ich dokona\u0144 i dorobku. KRRiT nie mog\u0142a wi\u0119c wybra\u0107 z dnia na dzie\u0144 nowych cz\u0142onk\u00f3w rad nadzorczych. Czy innym jest natomiast fakt, \u017ce na p\u0142aszczy\u017anie prawnej KRRiT wraz z pocz\u0105tkiem roku otrzymywa\u0142a prawo do wyboru cz\u0142onk\u00f3w rad nadzorczych, co powinno mie\u0107 miejsce do ko\u0144ca czerwca br. i jest obowi\u0105zkiem KRRiT wynikaj\u0105cym z Art.28.1 ustawy o radiofonii i telewizji.<br \/>\nPowtarzanie informacji o zamiarze powo\u0142ania przez KRRiT, ju\u017c na pocz\u0105tku stycznia, rad nadzorczych medi\u00f3w publicznych, co z uporem czyni\u0105 politycy PiS, ma na celu odwr\u00f3cenie uwagi opinii publicznej od \u0142amania prawa i naruszenia litery Konstytucji RP dokonanej przez PiS, LPR oraz Samoobron\u0119, a potwierdzonej podpisem Prezydenta RP. &#8211; napisa\u0142a w przes\u0142anym naszemu portalowi o\u015bwiadczeniu by\u0142a ju\u017c przewodnicz\u0105ca KRRiT Danuta Waniek. <\/p>\n","protected":false},"excerpt":{"rendered":"Zmieniona ustawa o radiofonii i telewizji zosta\u0142a wydrukowana w ekspresowym tempie, zaraz po podpisie prezydenta. Rz\u0105dz\u0105cy PiS obawia\u0142 si\u0119, \u017ce odchodz\u0105ca przewodnicz\u0105ca Danuta Waniek przeforsuje w ostatniej chwili zmiany Rad Nadzorczych w mediach publicznych. Waniek oskar\u017ca o wprowadzanie w b\u0142\u0105d opinii publicznej.","protected":false},"author":1,"featured_media":82842,"comment_status":"open","ping_status":"closed","sticky":false,"template":"","format":"standard","meta":{"csco_display_header_overlay":false,"csco_singular_sidebar":"","csco_page_header_type":"","csco_page_load_nextpost":"","csco_post_video_location":[],"csco_post_video_location_hash":"","csco_post_video_url":"","csco_post_video_bg_start_time":0,"csco_post_video_bg_end_time":0,"footnotes":""},"categories":[9670],"tags":[],"class_list":{"0":"post-82841","1":"post","2":"type-post","3":"status-publish","4":"format-standard","5":"has-post-thumbnail","7":"category-tv","8":"cs-entry","9":"cs-video-wrap"},"_links":{"self":[{"href":"https:\/\/mediarun.com\/pl\/wp-json\/wp\/v2\/posts\/82841","targetHints":{"allow":["GET"]}}],"collection":[{"href":"https:\/\/mediarun.com\/pl\/wp-json\/wp\/v2\/posts"}],"about":[{"href":"https:\/\/mediarun.com\/pl\/wp-json\/wp\/v2\/types\/post"}],"author":[{"embeddable":true,"href":"https:\/\/mediarun.com\/pl\/wp-json\/wp\/v2\/users\/1"}],"replies":[{"embeddable":true,"href":"https:\/\/mediarun.com\/pl\/wp-json\/wp\/v2\/comments?post=82841"}],"version-history":[{"count":0,"href":"https:\/\/mediarun.com\/pl\/wp-json\/wp\/v2\/posts\/82841\/revisions"}],"wp:featuredmedia":[{"embeddable":true,"href":"https:\/\/mediarun.com\/pl\/wp-json\/wp\/v2\/media\/82842"}],"wp:attachment":[{"href":"https:\/\/mediarun.com\/pl\/wp-json\/wp\/v2\/media?parent=82841"}],"wp:term":[{"taxonomy":"category","embeddable":true,"href":"https:\/\/mediarun.com\/pl\/wp-json\/wp\/v2\/categories?post=82841"},{"taxonomy":"post_tag","embeddable":true,"href":"https:\/\/mediarun.com\/pl\/wp-json\/wp\/v2\/tags?post=82841"}],"curies":[{"name":"wp","href":"https:\/\/api.w.org\/{rel}","templated":true}]}}