{"id":82837,"date":"2006-01-03T16:46:36","date_gmt":"2006-01-03T15:46:36","guid":{"rendered":"https:\/\/mediarun.com\/index.php\/news-posts\/nowy-program-w-radiu-zet\/"},"modified":"2006-01-03T16:46:36","modified_gmt":"2006-01-03T15:46:36","slug":"nowy-program-w-radiu-zet","status":"publish","type":"post","link":"https:\/\/mediarun.com\/pl\/media\/radio\/nowy-program-w-radiu-zet.html","title":{"rendered":"Nowy program w Radiu Zet"},"content":{"rendered":"<p>&#8211; Chodzi o to, \u017ceby s\u0142uchacze nie musieli martwic si\u0119 o p\u0142yty, je\u015bli w sobotni wiecz\u00f3r chc\u0105 si\u0119 pobawi\u0107, zw\u0142aszcza w karnawale &#8211; t\u0142umaczy nam Rafa\u0142 Olejniczak z Radia Zet.<\/p>\n<p>Program &#8222;Zet Dance&#8221; nie b\u0119dzie mia\u0142 prowadz\u0105cego.<\/p>\n","protected":false},"excerpt":{"rendered":"Radio Zet wprowadza do swojej ram\u00f3wki nowy program muzyczny &#8211; &#8222;Zet Dance&#8221;. Audycja nadawana b\u0119dzie w ka\u017cd\u0105 sobot\u0119 mi\u0119dzy godzin\u0105 20, a 24. &#8211; B\u0119d\u0105 to doskonale wybrane najbardziej taneczne piosenki na domowe imprezy &#8211; wyja\u015bnia nam Rafa\u0142 Olejniczak, zast\u0119pca redaktora naczelnego Radia Zet.","protected":false},"author":1,"featured_media":82838,"comment_status":"open","ping_status":"closed","sticky":false,"template":"","format":"standard","meta":{"csco_display_header_overlay":false,"csco_singular_sidebar":"","csco_page_header_type":"","csco_page_load_nextpost":"","csco_post_video_location":[],"csco_post_video_location_hash":"","csco_post_video_url":"","csco_post_video_bg_start_time":0,"csco_post_video_bg_end_time":0,"footnotes":""},"categories":[9672],"tags":[],"class_list":{"0":"post-82837","1":"post","2":"type-post","3":"status-publish","4":"format-standard","5":"has-post-thumbnail","7":"category-radio","8":"cs-entry","9":"cs-video-wrap"},"_links":{"self":[{"href":"https:\/\/mediarun.com\/pl\/wp-json\/wp\/v2\/posts\/82837","targetHints":{"allow":["GET"]}}],"collection":[{"href":"https:\/\/mediarun.com\/pl\/wp-json\/wp\/v2\/posts"}],"about":[{"href":"https:\/\/mediarun.com\/pl\/wp-json\/wp\/v2\/types\/post"}],"author":[{"embeddable":true,"href":"https:\/\/mediarun.com\/pl\/wp-json\/wp\/v2\/users\/1"}],"replies":[{"embeddable":true,"href":"https:\/\/mediarun.com\/pl\/wp-json\/wp\/v2\/comments?post=82837"}],"version-history":[{"count":0,"href":"https:\/\/mediarun.com\/pl\/wp-json\/wp\/v2\/posts\/82837\/revisions"}],"wp:featuredmedia":[{"embeddable":true,"href":"https:\/\/mediarun.com\/pl\/wp-json\/wp\/v2\/media\/82838"}],"wp:attachment":[{"href":"https:\/\/mediarun.com\/pl\/wp-json\/wp\/v2\/media?parent=82837"}],"wp:term":[{"taxonomy":"category","embeddable":true,"href":"https:\/\/mediarun.com\/pl\/wp-json\/wp\/v2\/categories?post=82837"},{"taxonomy":"post_tag","embeddable":true,"href":"https:\/\/mediarun.com\/pl\/wp-json\/wp\/v2\/tags?post=82837"}],"curies":[{"name":"wp","href":"https:\/\/api.w.org\/{rel}","templated":true}]}}