{"id":82835,"date":"2006-01-03T18:22:59","date_gmt":"2006-01-03T17:22:59","guid":{"rendered":"https:\/\/mediarun.com\/index.php\/news-posts\/nadchodzi-superstacja\/"},"modified":"2006-01-03T18:22:59","modified_gmt":"2006-01-03T17:22:59","slug":"nadchodzi-superstacja","status":"publish","type":"post","link":"https:\/\/mediarun.com\/pl\/media\/tv\/nadchodzi-superstacja.html","title":{"rendered":"Nadchodzi Superstacja"},"content":{"rendered":"<p>Dyrektor programowy Superstacji, Jakub Lutyk t\u0142umaczy nam, \u017ce redakcja pracuje ju\u017c &#8222;na sucho&#8221;. &#8211; Budowa studia idzie pe\u0142n\u0105 par\u0105. Ko\u0144cz\u0105 si\u0119 prace nad kompletowaniem sprz\u0119tu i integrowaniem system\u00f3w informatycznych. Ca\u0142y czas trwaj\u0105 rozmowy z platformami cyfrowymi i operatorami sieci kablowych. Z cz\u0119\u015bci\u0105 z nich w zasadzie uzgodnione s\u0105 ju\u017c warunki um\u00f3w &#8211; m\u00f3wi Lutyk.<\/p>\n<p>Superstacja wniosek do Krajowej Rady Radiofonii i Telewizji o koncesji satelitarn\u0105 z\u0142o\u017cy\u0142a w maju ubieg\u0142ego roku. &#8211; D\u0142ugi proces rozpatrywania wniosku o koncesj\u0119 zwi\u0105zany jest ze sk\u0142adanymi przez nas &#8211; z pewnym op\u00f3\u017anieniem &#8211; wyja\u015bnieniami i uzupe\u0142nieniami wniosku &#8211; wyja\u015bnia nam Jakub Lutyk. Kompletny wniosek zyska\u0142 ju\u017c pozytywn\u0105 opini\u0119 wszystkich departament\u00f3w KRRiT. &#8211; Byli\u015bmy pewni, \u017ce sprawa stanie na posiedzeniu Rady w styczniu. Ekspresowe tempo zmian ustawy o radiofonii i telewizji spowodowa\u0142o, \u017ce naszym wnioskiem zajmie si\u0119 ju\u017c nowa Rada. Mamy nadziej\u0119, \u017ce b\u0119dzie to jedna z jej pierwszych decyzji &#8211; dodaje dyrektor programowy Superstacji.<\/p>\n<p>&#8211; Szczeg\u00f3\u0142owa ram\u00f3wka Superstacji ca\u0142y czas jest w fazie tworzenia. Chcemy utrzyma\u0107 form\u0119 telewizji informacyjnej &#8211; t\u0142umaczy nam Jakub Lutyk z Superstacji. Szkielet programu oparty jest na nadawanych, co godzin\u0119 kr\u00f3tkich serwis\u00f3w informacyjnych, a w po\u0142\u00f3wce godziny &#8211; skr\u00f3t\u00f3w. &#8211; &#8222;Okr\u0119tem flagowym&#8221; Superstacji b\u0119dzie p\u00f3\u0142godzinny magazyn informacyjny nadawany p\u00f3\u017anym popo\u0142udniem &#8211; zdradza nam.<\/p>\n<p>&#8211; Oczywi\u015bcie m\u00f3wi\u0105c o newsach mamy na my\u015bli g\u0142\u00f3wnie sensacje podobne do tych publikowanych na \u0142amach prasowych tabloid\u00f3w &#8211; m\u00f3wi nam Jakub Lutyk. &#8211; Opr\u00f3cz tego w najlepszym czasie znajd\u0105 si\u0119 tak\u017ce sensacyjne reporta\u017ce, informacje kryminalne, plotki towarzyskie i relacje z pracy policji, stra\u017cy po\u017carnej oraz pogotowia ratunkowego &#8211; dodaje.<\/p>\n","protected":false},"excerpt":{"rendered":"W po\u0142owie lutego Superstacja powinna by\u0107 gotowa do rozpocz\u0119cia nadawania. &#8211; To, co mo\u017ce ewentualnie op\u00f3\u017ani\u0107 uruchomienie emisji to kwestia koncesji &#8211; wyja\u015bnia nam Jakub Lutyk, dyrektor programowy stacji. Superstacja chce by\u0107 telewizyjnym tabloidem. W programie znajd\u0105 si\u0119 g\u0142\u00f3wnie sensacje, informacje kryminalne i plotki towarzyskie.","protected":false},"author":1,"featured_media":82836,"comment_status":"open","ping_status":"closed","sticky":false,"template":"","format":"standard","meta":{"csco_display_header_overlay":false,"csco_singular_sidebar":"","csco_page_header_type":"","csco_page_load_nextpost":"","csco_post_video_location":[],"csco_post_video_location_hash":"","csco_post_video_url":"","csco_post_video_bg_start_time":0,"csco_post_video_bg_end_time":0,"footnotes":""},"categories":[9670],"tags":[],"class_list":{"0":"post-82835","1":"post","2":"type-post","3":"status-publish","4":"format-standard","5":"has-post-thumbnail","7":"category-tv","8":"cs-entry","9":"cs-video-wrap"},"_links":{"self":[{"href":"https:\/\/mediarun.com\/pl\/wp-json\/wp\/v2\/posts\/82835","targetHints":{"allow":["GET"]}}],"collection":[{"href":"https:\/\/mediarun.com\/pl\/wp-json\/wp\/v2\/posts"}],"about":[{"href":"https:\/\/mediarun.com\/pl\/wp-json\/wp\/v2\/types\/post"}],"author":[{"embeddable":true,"href":"https:\/\/mediarun.com\/pl\/wp-json\/wp\/v2\/users\/1"}],"replies":[{"embeddable":true,"href":"https:\/\/mediarun.com\/pl\/wp-json\/wp\/v2\/comments?post=82835"}],"version-history":[{"count":0,"href":"https:\/\/mediarun.com\/pl\/wp-json\/wp\/v2\/posts\/82835\/revisions"}],"wp:featuredmedia":[{"embeddable":true,"href":"https:\/\/mediarun.com\/pl\/wp-json\/wp\/v2\/media\/82836"}],"wp:attachment":[{"href":"https:\/\/mediarun.com\/pl\/wp-json\/wp\/v2\/media?parent=82835"}],"wp:term":[{"taxonomy":"category","embeddable":true,"href":"https:\/\/mediarun.com\/pl\/wp-json\/wp\/v2\/categories?post=82835"},{"taxonomy":"post_tag","embeddable":true,"href":"https:\/\/mediarun.com\/pl\/wp-json\/wp\/v2\/tags?post=82835"}],"curies":[{"name":"wp","href":"https:\/\/api.w.org\/{rel}","templated":true}]}}