{"id":82830,"date":"2006-01-03T23:14:11","date_gmt":"2006-01-03T22:14:11","guid":{"rendered":"https:\/\/mediarun.com\/index.php\/news-posts\/radio-koszalin-dla-mlodych-sluchaczy\/"},"modified":"2006-01-03T23:14:11","modified_gmt":"2006-01-03T22:14:11","slug":"radio-koszalin-dla-mlodych-sluchaczy","status":"publish","type":"post","link":"https:\/\/mediarun.com\/pl\/media\/radio\/radio-koszalin-dla-mlodych-sluchaczy.html","title":{"rendered":"Radio Koszalin dla m\u0142odych s\u0142uchaczy"},"content":{"rendered":"<p>M\u0142odzie\u017c b\u0119dzie mog\u0142a r\u00f3wnie\u017c obejrze\u0107 ekspozycj\u0119 muzealn\u0105 z unikatowymi polskimi i zagranicznymi odbiornikami radiowymi sprzed osiemdziesi\u0119ciu lat.<\/p>\n<p>M\u0142odzie\u017c mo\u017ce uczestniczy\u0107 w pracy reporterskiej i przy realizacji audycji. Zainteresowani nagraj\u0105 sw\u00f3j g\u0142os w studiu oraz wys\u0142uchaj\u0105 fachowych uwag na temat nagrania. Nauczyciele i opiekunowie mog\u0105 ju\u017c teraz zg\u0142asza\u0107 grupy m\u0142odzie\u017cy na poszczeg\u00f3lne dni ferii. <\/p>\n","protected":false},"excerpt":{"rendered":"W czasie ferii zimowych Polskie Radio Koszalin organizuje bezp\u0142atne zaj\u0119cia dla m\u0142odzie\u017cy z Koszalina i wojew\u00f3dztwa w studiach radiowych oraz w Muzeum Radia. Ch\u0119tni b\u0119d\u0105 mogli m.in. zwiedza\u0107 rozg\u0142o\u015bni\u0119 czy spotka\u0107 si\u0119 z dziennikarzami prowadz\u0105cymi audycje muzyczne.","protected":false},"author":1,"featured_media":0,"comment_status":"open","ping_status":"closed","sticky":false,"template":"","format":"standard","meta":{"csco_display_header_overlay":false,"csco_singular_sidebar":"","csco_page_header_type":"","csco_page_load_nextpost":"","csco_post_video_location":[],"csco_post_video_location_hash":"","csco_post_video_url":"","csco_post_video_bg_start_time":0,"csco_post_video_bg_end_time":0,"footnotes":""},"categories":[9672],"tags":[],"class_list":{"0":"post-82830","1":"post","2":"type-post","3":"status-publish","4":"format-standard","6":"category-radio","7":"cs-entry","8":"cs-video-wrap"},"_links":{"self":[{"href":"https:\/\/mediarun.com\/pl\/wp-json\/wp\/v2\/posts\/82830","targetHints":{"allow":["GET"]}}],"collection":[{"href":"https:\/\/mediarun.com\/pl\/wp-json\/wp\/v2\/posts"}],"about":[{"href":"https:\/\/mediarun.com\/pl\/wp-json\/wp\/v2\/types\/post"}],"author":[{"embeddable":true,"href":"https:\/\/mediarun.com\/pl\/wp-json\/wp\/v2\/users\/1"}],"replies":[{"embeddable":true,"href":"https:\/\/mediarun.com\/pl\/wp-json\/wp\/v2\/comments?post=82830"}],"version-history":[{"count":0,"href":"https:\/\/mediarun.com\/pl\/wp-json\/wp\/v2\/posts\/82830\/revisions"}],"wp:attachment":[{"href":"https:\/\/mediarun.com\/pl\/wp-json\/wp\/v2\/media?parent=82830"}],"wp:term":[{"taxonomy":"category","embeddable":true,"href":"https:\/\/mediarun.com\/pl\/wp-json\/wp\/v2\/categories?post=82830"},{"taxonomy":"post_tag","embeddable":true,"href":"https:\/\/mediarun.com\/pl\/wp-json\/wp\/v2\/tags?post=82830"}],"curies":[{"name":"wp","href":"https:\/\/api.w.org\/{rel}","templated":true}]}}