{"id":82808,"date":"2006-01-04T06:00:00","date_gmt":"2006-01-04T05:00:00","guid":{"rendered":"https:\/\/mediarun.com\/index.php\/news-posts\/potocka-dyrektorem-tvp3-lodz\/"},"modified":"2006-01-04T06:00:00","modified_gmt":"2006-01-04T05:00:00","slug":"potocka-dyrektorem-tvp3-lodz","status":"publish","type":"post","link":"https:\/\/mediarun.com\/pl\/ludzie\/awanse\/potocka-dyrektorem-tvp3-lodz.html","title":{"rendered":"Potocka dyrektorem TVP3 \u0141\u00f3d\u017a"},"content":{"rendered":"<p><P>kt\u00f3rej kandydatur\u0119 na to stanowisko zatwierdzi\u0142a Rada Nadzorcza TVP.<\/P><br \/>\n<P>Ma\u0142gorzata Potocka jest aktork\u0105, re\u017cyserem oraz producentem film\u00f3w muzycznych, dokumentalnych, fabularnych seriali telewizyjnych i koncert\u00f3w, a tak\u017ce producentem wykonawczym projekt\u00f3w m.in. dla BBC. <\/P><br \/>\n<P>By\u0142a animatorem wielu inicjatyw i wydarze\u0144 kulturalnych w \u0141odzi. Pracowa\u0142a tak\u017ce jako doradca Ministra Kultury w dziedzinie promocji polskiej kultury.<\/P><\/p>\n","protected":false},"excerpt":{"rendered":"2 stycznia br. Jan Dworak, Prezes Zarz\u0105du TVP S.A. przekaza\u0142 obowi\u0105zki dyrektora TVP3 \u0141\u00f3d\u017a Ma\u0142gorzacie Potockiej&#8230;","protected":false},"author":1,"featured_media":82809,"comment_status":"open","ping_status":"closed","sticky":false,"template":"","format":"standard","meta":{"csco_display_header_overlay":false,"csco_singular_sidebar":"","csco_page_header_type":"","csco_page_load_nextpost":"","csco_post_video_location":[],"csco_post_video_location_hash":"","csco_post_video_url":"","csco_post_video_bg_start_time":0,"csco_post_video_bg_end_time":0,"footnotes":""},"categories":[9678],"tags":[],"class_list":{"0":"post-82808","1":"post","2":"type-post","3":"status-publish","4":"format-standard","5":"has-post-thumbnail","7":"category-awanse","8":"cs-entry","9":"cs-video-wrap"},"_links":{"self":[{"href":"https:\/\/mediarun.com\/pl\/wp-json\/wp\/v2\/posts\/82808","targetHints":{"allow":["GET"]}}],"collection":[{"href":"https:\/\/mediarun.com\/pl\/wp-json\/wp\/v2\/posts"}],"about":[{"href":"https:\/\/mediarun.com\/pl\/wp-json\/wp\/v2\/types\/post"}],"author":[{"embeddable":true,"href":"https:\/\/mediarun.com\/pl\/wp-json\/wp\/v2\/users\/1"}],"replies":[{"embeddable":true,"href":"https:\/\/mediarun.com\/pl\/wp-json\/wp\/v2\/comments?post=82808"}],"version-history":[{"count":0,"href":"https:\/\/mediarun.com\/pl\/wp-json\/wp\/v2\/posts\/82808\/revisions"}],"wp:featuredmedia":[{"embeddable":true,"href":"https:\/\/mediarun.com\/pl\/wp-json\/wp\/v2\/media\/82809"}],"wp:attachment":[{"href":"https:\/\/mediarun.com\/pl\/wp-json\/wp\/v2\/media?parent=82808"}],"wp:term":[{"taxonomy":"category","embeddable":true,"href":"https:\/\/mediarun.com\/pl\/wp-json\/wp\/v2\/categories?post=82808"},{"taxonomy":"post_tag","embeddable":true,"href":"https:\/\/mediarun.com\/pl\/wp-json\/wp\/v2\/tags?post=82808"}],"curies":[{"name":"wp","href":"https:\/\/api.w.org\/{rel}","templated":true}]}}