{"id":82799,"date":"2006-01-04T10:35:02","date_gmt":"2006-01-04T09:35:02","guid":{"rendered":"https:\/\/mediarun.com\/index.php\/news-posts\/scena-jedynki-tajny-agent\/"},"modified":"2006-01-04T10:35:02","modified_gmt":"2006-01-04T09:35:02","slug":"scena-jedynki-tajny-agent","status":"publish","type":"post","link":"https:\/\/mediarun.com\/pl\/media\/tv\/scena-jedynki-tajny-agent.html","title":{"rendered":"Scena Jedynki &#8211; Tajny agent"},"content":{"rendered":"<p>Akcja &#8222;Tajnego agenta&#8221; rozgrywa si\u0119 pod koniec XIX wieku. Jej g\u0142\u00f3wny bohater &#8211; Alfred Verloc jest drobnym londy\u0144skim sklepikarzem, w kt\u00f3rego domu regularnie organizowane s\u0105 spotkania angielskich anarchist\u00f3w. Verloc jest jednak jednocze\u015bnie rosyjskim agentem i donosicielem angielskiej policji, kt\u00f3rej wydaje swych kompan\u00f3w-terroryst\u00f3w. Na poz\u00f3r wiedzie wraz ze swoj\u0105 \u017cona Minnie i jej upo\u015bledzonym bratem Steve&#8217;m spokojne \u017cycie.  <\/p>\n<p>Pewnego dnia zwierzchnik Verloca, pracownik rosyjskiej ambasady, wyznacza agentowi nowe zadanie &#8211; przeprowadzenie zamachu bombowego w obserwatorium Greenwich. Akt ten ma zmusi\u0107 brytyjczyk\u00f3w, przera\u017conych wizj\u0105 atak\u00f3w terrorystycznych, do podj\u0119cia wsp\u00f3\u0142pracy z rz\u0105dem cara. Szanta\u017cowany Verloc zgadza si\u0119 na wykonanie tego zadania. Wpada na pomys\u0142 wykorzystania do jego cel\u00f3w upo\u015bledzonego brata \u017cony &#8211; Steva.<br \/>\nDochodzi do tragedii kt\u00f3ra wyzwala \u0142a\u0144cuch kolejnych nieszcz\u0119\u015bliwych zdarze\u0144&#8230;&#8230;<\/p>\n<p>W rolach g\u0142\u00f3wnych &#8222;Tajnego agenta&#8221; zobaczymy plejad\u0119 polskich gwiazd m.in.: Krzysztofa Kolbergera, Paw\u0142a Ma\u0142aszy\u0144skiego, Szymona Bobrowskiego, Marka Barbasiewicza, Krzysztofa Globisza, Ew\u0119 Kasprzyk, Wojciecha Solarza, Marcina Tro\u0144skiego, Natali\u0119 Sierock\u0105 i Ann\u0119 Dereszowsk\u0105.<\/p>\n<p>Teatr Telewizji &#8211; Scena Jedynki &#8222;Tajny agent &#8221;re\u017c. Krzysztof Zaleski<br \/>\nemisja w TVP 1, 9 stycznia godz. 20.10<\/p>\n","protected":false},"excerpt":{"rendered":"W Scenie Jedynki widzowie b\u0119d\u0105 mogli obejrze\u0107 kolejny premierowy spektakl, tym razem b\u0119dzie to sztuka Josepha Conrada w przek\u0142adzie Agnieszki Glinczanki i re\u017cyserii Krzysztofa Zaleskiego pt. &#8222;Tajny agent&#8221;","protected":false},"author":1,"featured_media":82800,"comment_status":"open","ping_status":"closed","sticky":false,"template":"","format":"standard","meta":{"csco_display_header_overlay":false,"csco_singular_sidebar":"","csco_page_header_type":"","csco_page_load_nextpost":"","csco_post_video_location":[],"csco_post_video_location_hash":"","csco_post_video_url":"","csco_post_video_bg_start_time":0,"csco_post_video_bg_end_time":0,"footnotes":""},"categories":[9670],"tags":[],"class_list":{"0":"post-82799","1":"post","2":"type-post","3":"status-publish","4":"format-standard","5":"has-post-thumbnail","7":"category-tv","8":"cs-entry","9":"cs-video-wrap"},"_links":{"self":[{"href":"https:\/\/mediarun.com\/pl\/wp-json\/wp\/v2\/posts\/82799","targetHints":{"allow":["GET"]}}],"collection":[{"href":"https:\/\/mediarun.com\/pl\/wp-json\/wp\/v2\/posts"}],"about":[{"href":"https:\/\/mediarun.com\/pl\/wp-json\/wp\/v2\/types\/post"}],"author":[{"embeddable":true,"href":"https:\/\/mediarun.com\/pl\/wp-json\/wp\/v2\/users\/1"}],"replies":[{"embeddable":true,"href":"https:\/\/mediarun.com\/pl\/wp-json\/wp\/v2\/comments?post=82799"}],"version-history":[{"count":0,"href":"https:\/\/mediarun.com\/pl\/wp-json\/wp\/v2\/posts\/82799\/revisions"}],"wp:featuredmedia":[{"embeddable":true,"href":"https:\/\/mediarun.com\/pl\/wp-json\/wp\/v2\/media\/82800"}],"wp:attachment":[{"href":"https:\/\/mediarun.com\/pl\/wp-json\/wp\/v2\/media?parent=82799"}],"wp:term":[{"taxonomy":"category","embeddable":true,"href":"https:\/\/mediarun.com\/pl\/wp-json\/wp\/v2\/categories?post=82799"},{"taxonomy":"post_tag","embeddable":true,"href":"https:\/\/mediarun.com\/pl\/wp-json\/wp\/v2\/tags?post=82799"}],"curies":[{"name":"wp","href":"https:\/\/api.w.org\/{rel}","templated":true}]}}