{"id":82788,"date":"2006-01-04T12:02:20","date_gmt":"2006-01-04T11:02:20","guid":{"rendered":"https:\/\/mediarun.com\/index.php\/news-posts\/zmiany-personalne-w-tvp-2\/"},"modified":"2006-01-04T12:02:20","modified_gmt":"2006-01-04T11:02:20","slug":"zmiany-personalne-w-tvp-2","status":"publish","type":"post","link":"https:\/\/mediarun.com\/pl\/media\/tv\/zmiany-personalne-w-tvp-2.html","title":{"rendered":"Zmiany personalne w TVP"},"content":{"rendered":"<p>Maciej Wojciechowski, dyrektor TVP3 Katowice, wobec stawianych mu przez prokuratur\u0119 zarzut\u00f3w, odda\u0142 si\u0119 do dyspozycji Zarz\u0105du TVP S.A. Zarz\u0105d TVP S.A. ze wzgl\u0119du na tocz\u0105ce si\u0119 post\u0119powanie prokuratorskie zawiesi\u0142 go w pe\u0142nieniu obowi\u0105zk\u00f3w na trzy miesi\u0105ce. Pe\u0142nienie obowi\u0105zk\u00f3w dyrektora oddzia\u0142u TVP w Katowicach powierzy\u0142 Krzysztofowi Tch\u00f3rzewskiemu. Wojciechowski zasiada w zarz\u0105dzie regionalnym partii Kaczy\u0144skich. <\/p>\n<p>Zarz\u0105d TVP S.A., 3 stycznia 2006 r. zaakceptowa\u0142 i przeg\u0142osowa\u0142 kandydatur\u0119 Leszka Sarnowskiego na stanowisko dyrektora Oddzia\u0142u TVP w Gda\u0144sku. Na stanowisko zast\u0119pcy dyrektora TVP3 w Gda\u0144sku rekomendowa\u0142 Joann\u0119 Strzemieczn\u0105 &#8211; Wielczyk. <\/p>\n<p>Obie kandydatury musz\u0105 uzyska\u0107 akceptacj\u0119 Rady Nadzorczej TVP. <\/p>\n<p>Leszek Sarnowski ma 46 lat. Z wykszta\u0142cenia jest historykiem. By\u0142 mi\u0119dzy innymi korespondentem &#8222;Gazety Morskiej&#8221;, &#8222;Dziennika Ba\u0142tyckiego&#8221;, &#8222;Radia Plus&#8221;, a tak\u017ce lokalnym wsp\u00f3\u0142pracownikiem TVP3 Gda\u0144sk (1995-1997 r.) W latach 1994 -1998 jako wiceprzewodnicz\u0105cy Rady Miasta i Gminy w Sztumie, przewodniczy\u0142 komisji o\u015bwiaty, kultury i sportu. Ostatnio kierownik elbl\u0105skiej redakcji TVP3 w Olsztynie. <\/p>\n<p>Joanna Strzemieczna &#8211; Wielczyk uko\u0144czy\u0142a filologi\u0119 polsk\u0105 na Uniwersytecie Gda\u0144skim. Wsp\u00f3\u0142pracowa\u0142a z Urz\u0119dem Miasta w Sopocie i instytutami Kultury Polskiej w Sztokholmie, Berlinie i Pary\u017cu, a tak\u017ce z tygodnikiem &#8222;M\u0142oda Polska&#8221;, &#8222;Gazet\u0105 Wyborcz\u0105&#8221; i &#8222;Dziennikiem Ba\u0142tyckim&#8221;. Z TVP3 Gda\u0144sk, gdzie jest dziennikarzem, zwi\u0105zana od 1991 roku. <\/p>\n<p>Z dniem 1 stycznia 2006 r. nowym dyrektorem O\u015brodka Emisji zosta\u0142 Grzegorz Labi\u015b, dotychczas kierownik Redakcji Program\u00f3w Regionalnych TVP3 Krak\u00f3w.  <\/p>\n<p>Grzegorz Labi\u015b uko\u0144czy\u0142 studia na wydziale dziennikarstwa, oraz na wydziale komunikacji spo\u0142ecznej we W\u0142oszech. Do\u015bwiadczenie zawodowe zdobywa\u0142 odbywaj\u0105c sta\u017ce mi\u0119dzy innymi we w\u0142oskiej stacji telewizyjnej RAI oraz Radiu Watyka\u0144skim. Z oddzia\u0142em TVP w Krakowie zwi\u0105zany od wrze\u015bnia 2004 roku. <\/p>\n<p>Na stanowisku kierownika Redakcji Programu Regionalnego oraz pe\u0142nomocnika dyrektora ds. Programu, odpowiedzialny za przygotowanie ram\u00f3wki oraz za charakter ca\u0142ej oferty programowej. W swoim dorobku ma nadz\u00f3r realizacyjny nad prawie 700 reporta\u017cami i realizacj\u0119 kilku tysi\u0119cy news&#8217;\u00f3w. Posiada bogat\u0105 wiedz\u0119 w zakresie techniki telewizyjnej. Ostatnio sprawowa\u0142 bezpo\u015bredni nadz\u00f3r nad dzia\u0142em Nowe Media w TVP3 Krak\u00f3w. <\/p>\n<p>Jan Wilk, dotychczasowy dyrektor O\u015brodka Emisji, obejmie stanowisko kierownika Zak\u0142adu Eksploatacji dzia\u0142aj\u0105cego w ramach tego o\u015brodka. <\/p>\n<p> W dniu 2 stycznia 2006 , Jan Dworak, Prezes Zarz\u0105du TVP S.A. przekaza\u0142 obowi\u0105zki dyrektora TVP3 \u0141\u00f3d\u017a Ma\u0142gorzacie Potockiej, kt\u00f3rej kandydatur\u0119 na to stanowisko , 22 listopada ub.r. zatwierdzi\u0142a Rada Nadzorcza TVP.  <\/p>\n<p>W oddziale TVP w \u0141odzi, Jan Dworak zapozna\u0142 Ma\u0142gorzat\u0119 Potock\u0105 z jej obowi\u0105zkami i procedurami, jakie obowi\u0105zuj\u0105 dyrektora regionalnego oddzia\u0142u TVP. <\/p>\n<p>Ma\u0142gorzata Potocka jest aktork\u0105, re\u017cyserem oraz producentem film\u00f3w muzycznych, dokumentalnych, fabularnych seriali telewizyjnych i koncert\u00f3w, a tak\u017ce producentem wykonawczym projekt\u00f3w m.in. dla BBC. By\u0142a animatorem wielu inicjatyw i wydarze\u0144 kulturalnych w \u0141odzi. Pracowa\u0142a tak\u017ce jako doradca Ministra Kultury w dziedzinie promocji polskiej kultury.<\/p>\n","protected":false},"excerpt":{"rendered":"Na par\u0119 miesi\u0119cy przed odej\u015bciem Zarz\u0105d Telewizji Polskiej wprowadza zmiany we w\u0142adzach gda\u0144skiego i \u0142\u00f3dzkiego oddzia\u0142u. Musi je jeszcze zaakceptowa\u0107 rada nadzorcza. Grzegorz Labi\u015b zosta\u0142 nowym dyrektorem O\u015brodka Emisji. Przed paroma dniami zawieszono szefa TVP3 Katowice, kojarzonego z PiS-em. .","protected":false},"author":1,"featured_media":82789,"comment_status":"open","ping_status":"closed","sticky":false,"template":"","format":"standard","meta":{"csco_display_header_overlay":false,"csco_singular_sidebar":"","csco_page_header_type":"","csco_page_load_nextpost":"","csco_post_video_location":[],"csco_post_video_location_hash":"","csco_post_video_url":"","csco_post_video_bg_start_time":0,"csco_post_video_bg_end_time":0,"footnotes":""},"categories":[9670],"tags":[],"class_list":{"0":"post-82788","1":"post","2":"type-post","3":"status-publish","4":"format-standard","5":"has-post-thumbnail","7":"category-tv","8":"cs-entry","9":"cs-video-wrap"},"_links":{"self":[{"href":"https:\/\/mediarun.com\/pl\/wp-json\/wp\/v2\/posts\/82788","targetHints":{"allow":["GET"]}}],"collection":[{"href":"https:\/\/mediarun.com\/pl\/wp-json\/wp\/v2\/posts"}],"about":[{"href":"https:\/\/mediarun.com\/pl\/wp-json\/wp\/v2\/types\/post"}],"author":[{"embeddable":true,"href":"https:\/\/mediarun.com\/pl\/wp-json\/wp\/v2\/users\/1"}],"replies":[{"embeddable":true,"href":"https:\/\/mediarun.com\/pl\/wp-json\/wp\/v2\/comments?post=82788"}],"version-history":[{"count":0,"href":"https:\/\/mediarun.com\/pl\/wp-json\/wp\/v2\/posts\/82788\/revisions"}],"wp:featuredmedia":[{"embeddable":true,"href":"https:\/\/mediarun.com\/pl\/wp-json\/wp\/v2\/media\/82789"}],"wp:attachment":[{"href":"https:\/\/mediarun.com\/pl\/wp-json\/wp\/v2\/media?parent=82788"}],"wp:term":[{"taxonomy":"category","embeddable":true,"href":"https:\/\/mediarun.com\/pl\/wp-json\/wp\/v2\/categories?post=82788"},{"taxonomy":"post_tag","embeddable":true,"href":"https:\/\/mediarun.com\/pl\/wp-json\/wp\/v2\/tags?post=82788"}],"curies":[{"name":"wp","href":"https:\/\/api.w.org\/{rel}","templated":true}]}}