{"id":82781,"date":"2006-01-04T12:36:20","date_gmt":"2006-01-04T11:36:20","guid":{"rendered":"https:\/\/mediarun.com\/index.php\/news-posts\/zlustruja-dziennikarzy\/"},"modified":"2006-01-04T12:36:20","modified_gmt":"2006-01-04T11:36:20","slug":"zlustruja-dziennikarzy","status":"publish","type":"post","link":"https:\/\/mediarun.com\/pl\/media\/prasa\/zlustruja-dziennikarzy.html","title":{"rendered":"Zlustruj\u0105 dziennikarzy"},"content":{"rendered":"<p>-&#8222;Najbardziej radykalny jest tutaj Krak\u00f3w. Z relacji szefa krakowskiego oddzia\u0142u Stowarzyszenia Dziennikarzy Polskich Andrzeja Stawiarskiego (dziennikarza &#8222;Gazety Wyborczej&#8221;) wynika, \u017ce Komisja Prawdy i Pojednania b\u0119dzie zajmowa\u0107 si\u0119 g\u0142\u00f3wnie lustracj\u0105 \u015brodowiska dziennikarskiego. Wyst\u0105pi do IPN o materia\u0142y na temat dziennikarzy wsp\u00f3\u0142pracuj\u0105cych z tajnymi s\u0142u\u017cbami PRL. Wymaga\u0142oby to zmiany w co najmniej dw\u00f3ch ustawach &#8211; o IPN i lustracji, bo teraz organizacje i instytucje nie maja dost\u0119pu do takich akt.- donosi &#8222;Gazeta Wyborcza&#8221;<\/p>\n<p>Krakowskie ko\u0142o SDP przewiduje te\u017c, \u017ce nazwiska dziennikarzy agent\u00f3w b\u0119d\u0105 og\u0142aszane. &#8211; A ci kt\u00f3rzy uznaj\u0105, \u017ce informacje na ich temat s\u0105 nieprawdziwe, b\u0119d\u0105 mogli odwo\u0142a\u0107 si\u0119 do s\u0105du kole\u017ce\u0144skiego we wszystkich instancjach &#8211; m\u00f3wi &#8222;GW&#8221; Stawiarski.<\/p>\n<p>&#8211; Rzeczywi\u015bcie dw\u00f3ch dziennikarzy, z TVP i &#8222;Gazety Krakowskiej&#8221;, znalaz\u0142o si\u0119 na li\u015bcie agent\u00f3w, kt\u00f3r\u0105 dzia\u0142aczka &#8222;Solidarno\u015bci&#8221; Barbara Niemiec dosta\u0142a z IPN, gdy poprosi\u0142a o rozszyfrowanie pseudonim\u00f3w os\u00f3b, kt\u00f3re by\u0142y w jej teczce jako donosiciele. List\u0119 og\u0142osi\u0142a w &#8222;Gazecie Polskiej&#8221;. Jeden z dziennikarzy zrezygnowa\u0142 ze stanowiska w redakcji. Drugi jest na zwolnieniu lekarskim. &#8211; czytamy w &#8222;Gazecie Wyborczej&#8221;<\/p>\n","protected":false},"excerpt":{"rendered":"Komisje Prawdy i Pojednania powstaj\u0105 w kilku miastach Polski przy lokalnych oddzia\u0142ach Stowarzyszenia Dziennikarzy Polskich. B\u0119d\u0105 rozlicza\u0107 dziennikarzy ze wsp\u00f3\u0142pracy z peerelowskimi s\u0142u\u017cbami specjalnymi &#8211; informuje &#8222;Gazeta Wyborcza&#8221;","protected":false},"author":1,"featured_media":0,"comment_status":"open","ping_status":"closed","sticky":false,"template":"","format":"standard","meta":{"csco_display_header_overlay":false,"csco_singular_sidebar":"","csco_page_header_type":"","csco_page_load_nextpost":"","csco_post_video_location":[],"csco_post_video_location_hash":"","csco_post_video_url":"","csco_post_video_bg_start_time":0,"csco_post_video_bg_end_time":0,"footnotes":""},"categories":[9673],"tags":[],"class_list":{"0":"post-82781","1":"post","2":"type-post","3":"status-publish","4":"format-standard","6":"category-prasa","7":"cs-entry","8":"cs-video-wrap"},"_links":{"self":[{"href":"https:\/\/mediarun.com\/pl\/wp-json\/wp\/v2\/posts\/82781","targetHints":{"allow":["GET"]}}],"collection":[{"href":"https:\/\/mediarun.com\/pl\/wp-json\/wp\/v2\/posts"}],"about":[{"href":"https:\/\/mediarun.com\/pl\/wp-json\/wp\/v2\/types\/post"}],"author":[{"embeddable":true,"href":"https:\/\/mediarun.com\/pl\/wp-json\/wp\/v2\/users\/1"}],"replies":[{"embeddable":true,"href":"https:\/\/mediarun.com\/pl\/wp-json\/wp\/v2\/comments?post=82781"}],"version-history":[{"count":0,"href":"https:\/\/mediarun.com\/pl\/wp-json\/wp\/v2\/posts\/82781\/revisions"}],"wp:attachment":[{"href":"https:\/\/mediarun.com\/pl\/wp-json\/wp\/v2\/media?parent=82781"}],"wp:term":[{"taxonomy":"category","embeddable":true,"href":"https:\/\/mediarun.com\/pl\/wp-json\/wp\/v2\/categories?post=82781"},{"taxonomy":"post_tag","embeddable":true,"href":"https:\/\/mediarun.com\/pl\/wp-json\/wp\/v2\/tags?post=82781"}],"curies":[{"name":"wp","href":"https:\/\/api.w.org\/{rel}","templated":true}]}}